{"id":93399,"date":"2025-10-07T18:24:51","date_gmt":"2025-10-07T16:24:51","guid":{"rendered":"https:\/\/ihapari.com\/?p=93399"},"modified":"2025-10-07T18:24:51","modified_gmt":"2025-10-07T16:24:51","slug":"familia-faife-assinala-o-segundo-aniversario-da-filha-vitoria","status":"publish","type":"post","link":"https:\/\/ihapari.com\/en\/familia-faife-assinala-o-segundo-aniversario-da-filha-vitoria\/","title":{"rendered":"The Faife family celebrates the second birthday of their daughter Vit\u00f3ria."},"content":{"rendered":"<p>Presenter S\u00e9rgio Faife and his wife celebrated their daughter Vit\u00f3ria Faife&#039;s second birthday this Tuesday. The couple shared the moment on social media, accompanying the post with some family photos.<\/p>\n<p>\u201c&quot;Today is a very important day for the Faife family: our Vit\u00f3ria Faife turns two years old,&quot; wrote the presenter, who is experiencing a period of personal and professional stability.<\/p>\n<p><strong>Order now and enjoy the best of Quinta NICY!<\/strong><\/p>\n<p><strong>Last duck stock at Quinta NICY!<\/strong><\/p>\n<p><img fetchpriority=\"high\" decoding=\"async\" class=\"aligncenter wp-image-83128\" src=\"https:\/\/ihapari.com\/wp-content\/uploads\/2025\/06\/Screenshot_2025-06-19-09-09-02-690_com.instagram.android-edit-242x300.jpg\" sizes=\"(max-width: 242px) 100vw, 242px\" srcset=\"https:\/\/ihapari.com\/wp-content\/uploads\/2025\/06\/Screenshot_2025-06-19-09-09-02-690_com.instagram.android-edit-242x300.jpg 242w, https:\/\/ihapari.com\/wp-content\/uploads\/2025\/06\/Screenshot_2025-06-19-09-09-02-690_com.instagram.android-edit-826x1024.jpg 826w, https:\/\/ihapari.com\/wp-content\/uploads\/2025\/06\/Screenshot_2025-06-19-09-09-02-690_com.instagram.android-edit-768x952.jpg 768w, https:\/\/ihapari.com\/wp-content\/uploads\/2025\/06\/Screenshot_2025-06-19-09-09-02-690_com.instagram.android-edit-624x774.jpg 624w, https:\/\/ihapari.com\/wp-content\/uploads\/2025\/06\/Screenshot_2025-06-19-09-09-02-690_com.instagram.android-edit.jpg 1080w\" alt=\"\" width=\"242\" height=\"300\" \/><\/p>\n<p>In the same post, S\u00e9rgio Faife highlighted his daughter&#039;s growth and the joy of witnessing this phase: \u201cWe see our daughter growing with joy and humility, and our greatest wish is that she has good health and happiness. We feel deeply grateful to be able to share this stage with such dear people.\u201d<\/p>\n<p>The post quickly garnered dozens of comments and congratulatory messages from fans, friends, and colleagues. The presenter took the opportunity to thank everyone for their kind words: \u201cWe sincerely appreciate all the kind and friendly messages we have received since last night. Your attention and affection mean a lot to us.\u201d<\/p>\n<p>With this gesture, S\u00e9rgio Faife once again showed the family side that the public rarely sees, sharing a simple but meaningful moment.<\/p>","protected":false},"excerpt":{"rendered":"<p>Presenter S\u00e9rgio Faife and his wife celebrated their daughter Vit\u00f3ria Faife&#039;s second birthday this Tuesday. The couple shared the moment on social media, accompanying the post with some family photos. \u201cToday is a very important day for the Faife family: our Vit\u00f3ria Faife turns two years old,\u201d wrote the presenter, who [\u2026]<\/p>","protected":false},"author":3,"featured_media":93400,"comment_status":"open","ping_status":"open","sticky":false,"template":"","format":"standard","meta":{"footnotes":""},"categories":[1],"tags":[],"class_list":["post-93399","post","type-post","status-publish","format-standard","has-post-thumbnail","hentry","category-sem-categoria"],"jetpack_featured_media_url":"https:\/\/ihapari.com\/wp-content\/uploads\/2025\/10\/IMG_20251007_182425.jpg","_links":{"self":[{"href":"https:\/\/ihapari.com\/en\/wp-json\/wp\/v2\/posts\/93399","targetHints":{"allow":["GET"]}}],"collection":[{"href":"https:\/\/ihapari.com\/en\/wp-json\/wp\/v2\/posts"}],"about":[{"href":"https:\/\/ihapari.com\/en\/wp-json\/wp\/v2\/types\/post"}],"author":[{"embeddable":true,"href":"https:\/\/ihapari.com\/en\/wp-json\/wp\/v2\/users\/3"}],"replies":[{"embeddable":true,"href":"https:\/\/ihapari.com\/en\/wp-json\/wp\/v2\/comments?post=93399"}],"version-history":[{"count":1,"href":"https:\/\/ihapari.com\/en\/wp-json\/wp\/v2\/posts\/93399\/revisions"}],"predecessor-version":[{"id":93401,"href":"https:\/\/ihapari.com\/en\/wp-json\/wp\/v2\/posts\/93399\/revisions\/93401"}],"wp:featuredmedia":[{"embeddable":true,"href":"https:\/\/ihapari.com\/en\/wp-json\/wp\/v2\/media\/93400"}],"wp:attachment":[{"href":"https:\/\/ihapari.com\/en\/wp-json\/wp\/v2\/media?parent=93399"}],"wp:term":[{"taxonomy":"category","embeddable":true,"href":"https:\/\/ihapari.com\/en\/wp-json\/wp\/v2\/categories?post=93399"},{"taxonomy":"post_tag","embeddable":true,"href":"https:\/\/ihapari.com\/en\/wp-json\/wp\/v2\/tags?post=93399"}],"curies":[{"name":"wp","href":"https:\/\/api.w.org\/{rel}","templated":true}]}}