{"id":86321,"date":"2025-07-29T17:18:33","date_gmt":"2025-07-29T15:18:33","guid":{"rendered":"https:\/\/ihapari.com\/?p=86321"},"modified":"2025-07-29T17:18:33","modified_gmt":"2025-07-29T15:18:33","slug":"valter-artistico-prepara-lancamento-de-alo-macabeca-para-agosto","status":"publish","type":"post","link":"https:\/\/ihapari.com\/en\/valter-artistico-prepara-lancamento-de-alo-macabeca-para-agosto\/","title":{"rendered":"Valter Art\u00edstico is preparing the release of &quot;Al\u00f4 Macabe\u00e7a&quot; for August."},"content":{"rendered":"<p>The Mozambican singer <strong>Artistic Walter<\/strong> It will be able to present it to the public as early as next month. <strong>August<\/strong> his most recent musical offering, entitled <strong>\u201c&quot;Hello Macabe\u00e7a&quot;\u201d<\/strong>, accompanied by a music video produced by <strong>Artistic Films<\/strong>. The information was shared by the artist himself on social media, where he wrote:<br \/>\n<em>\u201c&quot;It seems that in August we will have something made by artisticofilmes &#039;Al\u00f4 Macabe\u00e7a&#039;.&quot;\u2018<\/em><\/p>\n<p><strong>Order now and enjoy the best of Quinta NICY!<\/strong><\/p>\n<p><strong>Last duck stock at Quinta NICY!<\/strong><\/p>\n<p><a href=\"https:\/\/ihapari.com\/en\/mpato\/\"><img fetchpriority=\"high\" decoding=\"async\" class=\"aligncenter wp-image-83128\" src=\"https:\/\/ihapari.com\/wp-content\/uploads\/2025\/06\/Screenshot_2025-06-19-09-09-02-690_com.instagram.android-edit-242x300.jpg\" sizes=\"(max-width: 242px) 100vw, 242px\" srcset=\"https:\/\/ihapari.com\/wp-content\/uploads\/2025\/06\/Screenshot_2025-06-19-09-09-02-690_com.instagram.android-edit-242x300.jpg 242w, https:\/\/ihapari.com\/wp-content\/uploads\/2025\/06\/Screenshot_2025-06-19-09-09-02-690_com.instagram.android-edit-826x1024.jpg 826w, https:\/\/ihapari.com\/wp-content\/uploads\/2025\/06\/Screenshot_2025-06-19-09-09-02-690_com.instagram.android-edit-768x952.jpg 768w, https:\/\/ihapari.com\/wp-content\/uploads\/2025\/06\/Screenshot_2025-06-19-09-09-02-690_com.instagram.android-edit-624x774.jpg 624w, https:\/\/ihapari.com\/wp-content\/uploads\/2025\/06\/Screenshot_2025-06-19-09-09-02-690_com.instagram.android-edit.jpg 1080w\" alt=\"\" width=\"242\" height=\"300\" \/><\/a><\/p>\n<p>If the launch is confirmed, this will be the <strong>second musical work<\/strong> released by Valter Art\u00edstico after <strong>serious traffic accident<\/strong> who suffered an injury in the last quarter of last year. Although still in the recovery process, the artist has sought to remain active in the music scene, demonstrating resilience and dedication to his art.<\/p>\n<p>Months ago, Valter released the track <strong>\u201c&quot;Amen&quot;\u201d<\/strong>, a song of gratitude and reflection, which symbolically marked his return after the accident. At the time, the singer described the song as a gesture of gratitude for the new opportunity at life.<\/p>\n<p>\u201cAl\u00f4 Macabe\u00e7a\u201d now emerges as a continuation of this journey of overcoming challenges, and reinforces Valter Art\u00edstico&#039;s commitment to music, a vocation that, according to him, is an essential part of his existence. Expectations surrounding this new release are high among fans, who closely follow the musician&#039;s artistic and personal evolution.<\/p>","protected":false},"excerpt":{"rendered":"<p>Mozambican singer Valter Art\u00edstico may present his latest musical offering, entitled \u201cAl\u00f4 Macabe\u00e7a,\u201d to the public as early as August, accompanied by a music video produced by Art\u00edstico Filmes. The information was shared by the artist himself on social media, where he wrote: \u201cIt seems that in August we will have something made by Art\u00edstico Filmes, &#039;Al\u00f4 Macabe\u00e7a&#039;.\u2018 Order [\u2026]<\/p>","protected":false},"author":3,"featured_media":86322,"comment_status":"open","ping_status":"open","sticky":false,"template":"","format":"standard","meta":{"footnotes":""},"categories":[1],"tags":[],"class_list":["post-86321","post","type-post","status-publish","format-standard","has-post-thumbnail","hentry","category-sem-categoria"],"jetpack_featured_media_url":"https:\/\/ihapari.com\/wp-content\/uploads\/2025\/07\/IMG_20250729_171758.jpg","_links":{"self":[{"href":"https:\/\/ihapari.com\/en\/wp-json\/wp\/v2\/posts\/86321","targetHints":{"allow":["GET"]}}],"collection":[{"href":"https:\/\/ihapari.com\/en\/wp-json\/wp\/v2\/posts"}],"about":[{"href":"https:\/\/ihapari.com\/en\/wp-json\/wp\/v2\/types\/post"}],"author":[{"embeddable":true,"href":"https:\/\/ihapari.com\/en\/wp-json\/wp\/v2\/users\/3"}],"replies":[{"embeddable":true,"href":"https:\/\/ihapari.com\/en\/wp-json\/wp\/v2\/comments?post=86321"}],"version-history":[{"count":1,"href":"https:\/\/ihapari.com\/en\/wp-json\/wp\/v2\/posts\/86321\/revisions"}],"predecessor-version":[{"id":86323,"href":"https:\/\/ihapari.com\/en\/wp-json\/wp\/v2\/posts\/86321\/revisions\/86323"}],"wp:featuredmedia":[{"embeddable":true,"href":"https:\/\/ihapari.com\/en\/wp-json\/wp\/v2\/media\/86322"}],"wp:attachment":[{"href":"https:\/\/ihapari.com\/en\/wp-json\/wp\/v2\/media?parent=86321"}],"wp:term":[{"taxonomy":"category","embeddable":true,"href":"https:\/\/ihapari.com\/en\/wp-json\/wp\/v2\/categories?post=86321"},{"taxonomy":"post_tag","embeddable":true,"href":"https:\/\/ihapari.com\/en\/wp-json\/wp\/v2\/tags?post=86321"}],"curies":[{"name":"wp","href":"https:\/\/api.w.org\/{rel}","templated":true}]}}