{"id":86123,"date":"2025-07-27T11:37:23","date_gmt":"2025-07-27T09:37:23","guid":{"rendered":"https:\/\/ihapari.com\/?p=86123"},"modified":"2025-07-27T11:37:23","modified_gmt":"2025-07-27T09:37:23","slug":"gasso-franco-reforca-lacos-com-artistas-mocambicanos-em-portugal","status":"publish","type":"post","link":"https:\/\/ihapari.com\/en\/gasso-franco-reforca-lacos-com-artistas-mocambicanos-em-portugal\/","title":{"rendered":"Gasso Franco strengthens ties with Mozambican artists in Portugal."},"content":{"rendered":"<p>Gasso Franco continua a fortalecer os la\u00e7os com artistas mo\u00e7ambicanos que, tal como ele, est\u00e3o a desenvolver as suas carreiras em Portugal. O cantor, que tem vindo a afirmar-se no cen\u00e1rio musical luso, tem demonstrado proximidade e apoio aos compatriotas que chegam \u00e0quele pa\u00eds europeu em busca de novas oportunidades.<\/p>\n<p>Depois de ter dado as boas-vindas a Bander, que recentemente se fixou em Portugal, Gasso Franco voltou a mostrar-se presente no c\u00edrculo art\u00edstico mo\u00e7ambicano ao partilhar um encontro com Mark Exodus. O jovem cantor e compositor, conhecido por temas de R&amp;B e Afrobeat, tamb\u00e9m deu os primeiros passos na sua nova etapa profissional em solo portugu\u00eas.<\/p>\n<p><strong>Order now and enjoy the best of Quinta NICY!<\/strong><\/p>\n<p><strong>Last duck stock at Quinta NICY!<\/strong><\/p>\n<p><a href=\"https:\/\/ihapari.com\/en\/mpato\/\"><img fetchpriority=\"high\" decoding=\"async\" class=\"aligncenter wp-image-83128\" src=\"https:\/\/ihapari.com\/wp-content\/uploads\/2025\/06\/Screenshot_2025-06-19-09-09-02-690_com.instagram.android-edit-242x300.jpg\" sizes=\"(max-width: 242px) 100vw, 242px\" srcset=\"https:\/\/ihapari.com\/wp-content\/uploads\/2025\/06\/Screenshot_2025-06-19-09-09-02-690_com.instagram.android-edit-242x300.jpg 242w, https:\/\/ihapari.com\/wp-content\/uploads\/2025\/06\/Screenshot_2025-06-19-09-09-02-690_com.instagram.android-edit-826x1024.jpg 826w, https:\/\/ihapari.com\/wp-content\/uploads\/2025\/06\/Screenshot_2025-06-19-09-09-02-690_com.instagram.android-edit-768x952.jpg 768w, https:\/\/ihapari.com\/wp-content\/uploads\/2025\/06\/Screenshot_2025-06-19-09-09-02-690_com.instagram.android-edit-624x774.jpg 624w, https:\/\/ihapari.com\/wp-content\/uploads\/2025\/06\/Screenshot_2025-06-19-09-09-02-690_com.instagram.android-edit.jpg 1080w\" alt=\"\" width=\"242\" height=\"300\" \/><\/a><\/p>\n<p>Antes disso, Gasso j\u00e1 havia partilhado momentos com Ildo Ferreira, m\u00fasico consagrado de Mo\u00e7ambique, reconhecido pela sua carreira rica e diversificada. Ildo, que tem estado afastado dos palcos devido a problemas de sa\u00fade, reside h\u00e1 j\u00e1 algum tempo em Portugal, onde agora reaparece com o apoio de colegas como Gasso.<\/p>\n<p>Estes encontros, al\u00e9m de refor\u00e7arem o esp\u00edrito de uni\u00e3o entre os m\u00fasicos mo\u00e7ambicanos na di\u00e1spora, refletem a vontade de manter viva a identidade cultural e art\u00edstica do pa\u00eds, mesmo fora das suas fronteiras. Gasso Franco, com a sua postura agregadora, tem-se revelado uma figura de liga\u00e7\u00e3o importante para esta nova gera\u00e7\u00e3o de artistas mo\u00e7ambicanos em Portugal.<\/p>","protected":false},"excerpt":{"rendered":"<p>Gasso Franco continues to strengthen ties with Mozambican artists who, like him, are developing their careers in Portugal. The singer, who has been making a name for himself in the Portuguese music scene, has shown closeness and support to his compatriots who arrive in that European country in search of new opportunities. After having given the [\u2026]<\/p>","protected":false},"author":3,"featured_media":86124,"comment_status":"open","ping_status":"open","sticky":false,"template":"","format":"standard","meta":{"footnotes":""},"categories":[1],"tags":[],"class_list":["post-86123","post","type-post","status-publish","format-standard","has-post-thumbnail","hentry","category-sem-categoria"],"jetpack_featured_media_url":"https:\/\/ihapari.com\/wp-content\/uploads\/2025\/07\/IMG_20250727_113610.jpg","_links":{"self":[{"href":"https:\/\/ihapari.com\/en\/wp-json\/wp\/v2\/posts\/86123","targetHints":{"allow":["GET"]}}],"collection":[{"href":"https:\/\/ihapari.com\/en\/wp-json\/wp\/v2\/posts"}],"about":[{"href":"https:\/\/ihapari.com\/en\/wp-json\/wp\/v2\/types\/post"}],"author":[{"embeddable":true,"href":"https:\/\/ihapari.com\/en\/wp-json\/wp\/v2\/users\/3"}],"replies":[{"embeddable":true,"href":"https:\/\/ihapari.com\/en\/wp-json\/wp\/v2\/comments?post=86123"}],"version-history":[{"count":1,"href":"https:\/\/ihapari.com\/en\/wp-json\/wp\/v2\/posts\/86123\/revisions"}],"predecessor-version":[{"id":86125,"href":"https:\/\/ihapari.com\/en\/wp-json\/wp\/v2\/posts\/86123\/revisions\/86125"}],"wp:featuredmedia":[{"embeddable":true,"href":"https:\/\/ihapari.com\/en\/wp-json\/wp\/v2\/media\/86124"}],"wp:attachment":[{"href":"https:\/\/ihapari.com\/en\/wp-json\/wp\/v2\/media?parent=86123"}],"wp:term":[{"taxonomy":"category","embeddable":true,"href":"https:\/\/ihapari.com\/en\/wp-json\/wp\/v2\/categories?post=86123"},{"taxonomy":"post_tag","embeddable":true,"href":"https:\/\/ihapari.com\/en\/wp-json\/wp\/v2\/tags?post=86123"}],"curies":[{"name":"wp","href":"https:\/\/api.w.org\/{rel}","templated":true}]}}