{"id":82772,"date":"2025-06-14T20:41:33","date_gmt":"2025-06-14T18:41:33","guid":{"rendered":"https:\/\/ihapari.com\/?p=82772"},"modified":"2025-06-14T20:41:33","modified_gmt":"2025-06-14T18:41:33","slug":"fredy-uamusse-lanca-primeira-exposicao-individual-antes-de-representar-mocambique-na-europa","status":"publish","type":"post","link":"https:\/\/ihapari.com\/en\/fredy-uamusse-lanca-primeira-exposicao-individual-antes-de-representar-mocambique-na-europa\/","title":{"rendered":"Fredy Uamusse Launches First Solo Exhibition Before Representing Mozambique in Europe"},"content":{"rendered":"<p>Fredy Uamusse took a significant step in his artistic career by inaugurating his first solo exhibition in Maputo this Saturday (June 14, 2025). The event, which brought together art lovers, friends, and colleagues, symbolizes the beginning of a new stage for the artist, who will soon travel to Portugal to represent Mozambique at international cultural events.<\/p>\n<p>\u201cThis was my first solo exhibition before going to Europe \ud83c\uddf2\ud83c\uddff,\u201d wrote Fredy Uamusse on social media, celebrating the moment with enthusiasm and national pride. The exhibition highlights Uamusse&#039;s talent in portraiture, revealing the sensitivity with which he transforms faces and expressions into works with Mozambican identity.<\/p>\n<p><strong>Order now and enjoy the best of Quinta NICY!<\/strong><\/p>\n<p><strong>Last duck stock at Quinta NICY!<\/strong><\/p>\n<p>Enjoy it while it lasts! This week only we have 2kg smoked duck\u00a0<strong>850MT<\/strong>\u00a0and normal duck 2kg for only\u00a0<strong>800MT<\/strong>!<br \/>\nGet yours now before they&#039;re gone. Click the image to place your order.<\/p>\n<p><a href=\"https:\/\/ihapari.com\/en\/mpato\/\"><img fetchpriority=\"high\" decoding=\"async\" class=\"aligncenter wp-image-81092 size-medium\" src=\"https:\/\/ihapari.com\/wp-content\/uploads\/2025\/05\/Screenshot_2025-05-12-14-20-18-273_com.android.chrome-edit-300x298.jpg\" sizes=\"(max-width: 300px) 100vw, 300px\" srcset=\"https:\/\/ihapari.com\/wp-content\/uploads\/2025\/05\/Screenshot_2025-05-12-14-20-18-273_com.android.chrome-edit-300x298.jpg 300w, https:\/\/ihapari.com\/wp-content\/uploads\/2025\/05\/Screenshot_2025-05-12-14-20-18-273_com.android.chrome-edit-150x150.jpg 150w, https:\/\/ihapari.com\/wp-content\/uploads\/2025\/05\/Screenshot_2025-05-12-14-20-18-273_com.android.chrome-edit-768x764.jpg 768w, https:\/\/ihapari.com\/wp-content\/uploads\/2025\/05\/Screenshot_2025-05-12-14-20-18-273_com.android.chrome-edit-624x621.jpg 624w, https:\/\/ihapari.com\/wp-content\/uploads\/2025\/05\/Screenshot_2025-05-12-14-20-18-273_com.android.chrome-edit.jpg 997w\" alt=\"\" width=\"300\" height=\"298\" \/><\/a><\/p>\n<p>Recognized for his dedication to art and the authenticity he brings to each stroke, Fredy has been gaining ground in the national art scene. This first exhibition marks not only a personal achievement, but also the recognition of an emerging generation of artists who are raising Mozambique&#039;s profile beyond its borders.<\/p>\n<p>Fredy Uamusse&#039;s participation in Portugal will be an opportunity to showcase Mozambique&#039;s rich culture, promoting artistic exchange and strengthening ties between the two countries. For admirers of his work, this moment represents only the beginning of a journey that promises to shine even brighter on the international stage.<\/p>","protected":false},"excerpt":{"rendered":"<p>Fredy Uamusse deu um passo marcante na sua carreira art\u00edstica ao inaugurar, neste s\u00e1bado (14 de junho de 2025), a sua primeira exposi\u00e7\u00e3o individual na cidade de Maputo. O evento, que reuniu amantes da arte, amigos e colegas de profiss\u00e3o, simboliza o in\u00edcio de uma nova etapa para o artista, que brevemente seguir\u00e1 para Portugal, [&hellip;]<\/p>","protected":false},"author":3,"featured_media":82774,"comment_status":"open","ping_status":"open","sticky":false,"template":"","format":"standard","meta":{"footnotes":""},"categories":[29],"tags":[],"class_list":["post-82772","post","type-post","status-publish","format-standard","has-post-thumbnail","hentry","category-cultura"],"jetpack_featured_media_url":"https:\/\/ihapari.com\/wp-content\/uploads\/2025\/06\/IMG_20250614_204039.jpg","_links":{"self":[{"href":"https:\/\/ihapari.com\/en\/wp-json\/wp\/v2\/posts\/82772","targetHints":{"allow":["GET"]}}],"collection":[{"href":"https:\/\/ihapari.com\/en\/wp-json\/wp\/v2\/posts"}],"about":[{"href":"https:\/\/ihapari.com\/en\/wp-json\/wp\/v2\/types\/post"}],"author":[{"embeddable":true,"href":"https:\/\/ihapari.com\/en\/wp-json\/wp\/v2\/users\/3"}],"replies":[{"embeddable":true,"href":"https:\/\/ihapari.com\/en\/wp-json\/wp\/v2\/comments?post=82772"}],"version-history":[{"count":1,"href":"https:\/\/ihapari.com\/en\/wp-json\/wp\/v2\/posts\/82772\/revisions"}],"predecessor-version":[{"id":82775,"href":"https:\/\/ihapari.com\/en\/wp-json\/wp\/v2\/posts\/82772\/revisions\/82775"}],"wp:featuredmedia":[{"embeddable":true,"href":"https:\/\/ihapari.com\/en\/wp-json\/wp\/v2\/media\/82774"}],"wp:attachment":[{"href":"https:\/\/ihapari.com\/en\/wp-json\/wp\/v2\/media?parent=82772"}],"wp:term":[{"taxonomy":"category","embeddable":true,"href":"https:\/\/ihapari.com\/en\/wp-json\/wp\/v2\/categories?post=82772"},{"taxonomy":"post_tag","embeddable":true,"href":"https:\/\/ihapari.com\/en\/wp-json\/wp\/v2\/tags?post=82772"}],"curies":[{"name":"wp","href":"https:\/\/api.w.org\/{rel}","templated":true}]}}