{"id":82530,"date":"2025-06-10T14:38:54","date_gmt":"2025-06-10T12:38:54","guid":{"rendered":"https:\/\/ihapari.com\/?p=82530"},"modified":"2025-06-10T14:38:54","modified_gmt":"2025-06-10T12:38:54","slug":"katia-agy-internada-no-hcm-com-quadro-delicado-de-saude","status":"publish","type":"post","link":"https:\/\/ihapari.com\/en\/katia-agy-internada-no-hcm-com-quadro-delicado-de-saude\/","title":{"rendered":"K\u00e1tia Agy Internada no HCM com Quadro Delicado de Sa\u00fade"},"content":{"rendered":"<p>A cantora e apresentadora mo\u00e7ambicana K\u00e1tia Agy encontra-se internada no Hospital Central de Maputo (HCM), enfrentando um quadro cl\u00ednico delicado devido a miomas. A situa\u00e7\u00e3o requer aten\u00e7\u00e3o m\u00e9dica cont\u00ednua e apoio urgente da comunidade.<\/p>\n<p>Segundo informa\u00e7\u00f5es divulgadas por colegas e amigos pr\u00f3ximos, K\u00e1tia precisa de transfus\u00f5es de sangue. Apela-se \u00e0 solidariedade dos cidad\u00e3os para se dirigirem ao banco de sangue do HCM e informarem-se sobre os procedimentos para doa\u00e7\u00e3o em nome da artista.<\/p>\n<p>Al\u00e9m da necessidade de sangue, h\u00e1 um apelo mais amplo \u00e0 empatia e ao apoio humano. Amigos pr\u00f3ximos t\u00eam utilizado as redes sociais para mobilizar a sociedade, pedindo partilhas da informa\u00e7\u00e3o e demonstra\u00e7\u00f5es de solidariedade.<\/p>\n<p><strong>Order now and enjoy the best of Quinta NICY!<\/strong><\/p>\n<p><strong>Last duck stock at Quinta NICY!<\/strong><\/p>\n<p>Enjoy it while it lasts! This week only we have 2kg smoked duck\u00a0<strong>850MT<\/strong>\u00a0and normal duck 2kg for only\u00a0<strong>800MT<\/strong>!<br \/>\nGet yours now before they&#039;re gone. Click the image to place your order.<\/p>\n<p><a href=\"https:\/\/ihapari.com\/en\/mpato\/\"><img fetchpriority=\"high\" decoding=\"async\" class=\"aligncenter wp-image-81092 size-medium\" src=\"https:\/\/ihapari.com\/wp-content\/uploads\/2025\/05\/Screenshot_2025-05-12-14-20-18-273_com.android.chrome-edit-300x298.jpg\" sizes=\"(max-width: 300px) 100vw, 300px\" srcset=\"https:\/\/ihapari.com\/wp-content\/uploads\/2025\/05\/Screenshot_2025-05-12-14-20-18-273_com.android.chrome-edit-300x298.jpg 300w, https:\/\/ihapari.com\/wp-content\/uploads\/2025\/05\/Screenshot_2025-05-12-14-20-18-273_com.android.chrome-edit-150x150.jpg 150w, https:\/\/ihapari.com\/wp-content\/uploads\/2025\/05\/Screenshot_2025-05-12-14-20-18-273_com.android.chrome-edit-768x764.jpg 768w, https:\/\/ihapari.com\/wp-content\/uploads\/2025\/05\/Screenshot_2025-05-12-14-20-18-273_com.android.chrome-edit-624x621.jpg 624w, https:\/\/ihapari.com\/wp-content\/uploads\/2025\/05\/Screenshot_2025-05-12-14-20-18-273_com.android.chrome-edit.jpg 997w\" alt=\"\" width=\"300\" height=\"298\" \/><\/a><\/p>\n<p>K\u00e1tia Agy \u00e9 conhecida pela sua atua\u00e7\u00e3o marcante como comunicadora e artista. A sua presen\u00e7a nos meios de comunica\u00e7\u00e3o e na m\u00fasica mo\u00e7ambicana fez dela uma figura acarinhada por muitos.<\/p>\n<p>Neste momento dif\u00edcil, v\u00e1rias vozes da comunica\u00e7\u00e3o social e da m\u00fasica t\u00eam-se juntado para apoiar a artista, refor\u00e7ando a import\u00e2ncia da uni\u00e3o e do gesto solid\u00e1rio.<\/p>\n<h3>Como Ajudar:<\/h3>\n<ul>\n<li>Dirigir-se ao banco de sangue do Hospital Central de Maputo (HCM)<\/li>\n<li>Informar-se sobre a doa\u00e7\u00e3o em nome de K\u00e1tia Agy<\/li>\n<li>Partilhar a informa\u00e7\u00e3o para aumentar o alcance do apelo<\/li>\n<\/ul>\n<p>A comunidade art\u00edstica e os cidad\u00e3os s\u00e3o chamados a contribuir para que K\u00e1tia Agy receba o suporte necess\u00e1rio.<\/p>","protected":false},"excerpt":{"rendered":"<p>A cantora e apresentadora mo\u00e7ambicana K\u00e1tia Agy encontra-se internada no Hospital Central de Maputo (HCM), enfrentando um quadro cl\u00ednico delicado devido a miomas. A situa\u00e7\u00e3o requer aten\u00e7\u00e3o m\u00e9dica cont\u00ednua e apoio urgente da comunidade. Segundo informa\u00e7\u00f5es divulgadas por colegas e amigos pr\u00f3ximos, K\u00e1tia precisa de transfus\u00f5es de sangue. Apela-se \u00e0 solidariedade dos cidad\u00e3os para se [&hellip;]<\/p>","protected":false},"author":3,"featured_media":82531,"comment_status":"open","ping_status":"open","sticky":false,"template":"","format":"standard","meta":{"footnotes":""},"categories":[29],"tags":[],"class_list":["post-82530","post","type-post","status-publish","format-standard","has-post-thumbnail","hentry","category-cultura"],"jetpack_featured_media_url":"https:\/\/ihapari.com\/wp-content\/uploads\/2025\/06\/IMG_20250610_143824.jpg","_links":{"self":[{"href":"https:\/\/ihapari.com\/en\/wp-json\/wp\/v2\/posts\/82530","targetHints":{"allow":["GET"]}}],"collection":[{"href":"https:\/\/ihapari.com\/en\/wp-json\/wp\/v2\/posts"}],"about":[{"href":"https:\/\/ihapari.com\/en\/wp-json\/wp\/v2\/types\/post"}],"author":[{"embeddable":true,"href":"https:\/\/ihapari.com\/en\/wp-json\/wp\/v2\/users\/3"}],"replies":[{"embeddable":true,"href":"https:\/\/ihapari.com\/en\/wp-json\/wp\/v2\/comments?post=82530"}],"version-history":[{"count":1,"href":"https:\/\/ihapari.com\/en\/wp-json\/wp\/v2\/posts\/82530\/revisions"}],"predecessor-version":[{"id":82532,"href":"https:\/\/ihapari.com\/en\/wp-json\/wp\/v2\/posts\/82530\/revisions\/82532"}],"wp:featuredmedia":[{"embeddable":true,"href":"https:\/\/ihapari.com\/en\/wp-json\/wp\/v2\/media\/82531"}],"wp:attachment":[{"href":"https:\/\/ihapari.com\/en\/wp-json\/wp\/v2\/media?parent=82530"}],"wp:term":[{"taxonomy":"category","embeddable":true,"href":"https:\/\/ihapari.com\/en\/wp-json\/wp\/v2\/categories?post=82530"},{"taxonomy":"post_tag","embeddable":true,"href":"https:\/\/ihapari.com\/en\/wp-json\/wp\/v2\/tags?post=82530"}],"curies":[{"name":"wp","href":"https:\/\/api.w.org\/{rel}","templated":true}]}}