{"id":80524,"date":"2025-04-24T05:56:12","date_gmt":"2025-04-24T03:56:12","guid":{"rendered":"https:\/\/ihapari.com\/?p=80524"},"modified":"2025-04-24T06:24:52","modified_gmt":"2025-04-24T04:24:52","slug":"rapper-nikotina-kf-despede-se-do-pai-combati-um-bom-combate-terminei-a-corrida-guardei-a-fe","status":"publish","type":"post","link":"https:\/\/ihapari.com\/en\/rapper-nikotina-kf-despede-se-do-pai-combati-um-bom-combate-terminei-a-corrida-guardei-a-fe\/","title":{"rendered":"Rapper Nikotina KF bids farewell to her father: &quot;I have fought the good fight, I have finished the race, I have kept the faith.&quot;\u201c"},"content":{"rendered":"<p>Higino Jorge Eus\u00e9bio Fumo, better known as Nikotina KF, is experiencing profound grief with the loss of his father, Eus\u00e9bio Tom\u00e9 Fumo. The rapper used social media to announce his father&#039;s passing, marking this Thursday, April 24, 2025, as the day of their final farewell.<\/p>\n<p>In an emotional message shared with her followers, Nikotina KF paid tribute to her father, quoting the biblical verse from 2 Timothy 4:7-8: <em>\u201c&quot;I have fought the good fight, I have finished the race, I have kept the faith.&quot;\u201d<\/em> The post quickly generated hundreds of reactions, with fans, colleagues, and followers leaving messages of condolence and solidarity for the artist.<\/p>\n<p>The funeral ceremony program will proceed as follows:<\/p>\n<ul>\n<li><strong>7:30 AM<\/strong> \u2013 <em>\u201c&quot;The Farewell of Those Closest to Me&quot;\u201d<\/em>, at the family&#039;s residence, located in the Ferrovi\u00e1rio neighborhood.<\/li>\n<li><strong>8:00 AM to 10:00 AM<\/strong> \u2013 The wake is open to the public at the Nossa Senhora de F\u00e1tima Parish, also in the Ferrovi\u00e1rio neighborhood, across from the field.<\/li>\n<li><strong>10:45<\/strong> Funeral at Michafutene Cemetery. Transportation will be available from the church to the cemetery, with return included.<\/li>\n<\/ul>\n<p>Nikotina KF, a prominent figure in the Mozambican hip-hop scene, has been recognized not only for his musical talent, but also for his commitment to family values and Christian faith\u2014something that shines through during this delicate time.<\/p>\n<p>The artistic community and fans continue to show their support, respecting the grief and paying tribute to someone who, according to the rapper, was an example of courage, faith, and struggle.<\/p>\n<div class=\"elementor-element elementor-element-f2fe5dc e-flex e-con-boxed e-con e-parent e-lazyloaded\" data-id=\"f2fe5dc\" data-element_type=\"container\" data-settings=\"{&quot;background_background&quot;:&quot;classic&quot;}\">\n<div class=\"e-con-inner\">\n<div class=\"elementor-element elementor-element-4d78c46 elementor-widget__width-initial elementor-widget elementor-widget-theme-post-content\" data-id=\"4d78c46\" data-element_type=\"widget\" data-widget_type=\"theme-post-content.default\">\n<p>Quintanicy, ideal to accompany you on any adventure.<\/p>\n<p><img decoding=\"async\" class=\"size-medium wp-image-80214 aligncenter\" src=\"https:\/\/ihapari.com\/wp-content\/uploads\/2025\/04\/Polpas-de-frutas-300x150.jpg\" sizes=\"(max-width: 300px) 100vw, 300px\" srcset=\"https:\/\/ihapari.com\/wp-content\/uploads\/2025\/04\/Polpas-de-frutas-300x150.jpg 300w, https:\/\/ihapari.com\/wp-content\/uploads\/2025\/04\/Polpas-de-frutas.jpg 600w\" alt=\"\" width=\"300\" height=\"150\" \/><\/p>\n<p>&nbsp;<\/p>\n<div class=\"elementor-element elementor-element-4d78c46 elementor-widget__width-initial elementor-widget elementor-widget-theme-post-content\" data-id=\"4d78c46\" data-element_type=\"widget\" data-widget_type=\"theme-post-content.default\">\n<p><strong>Get 10% off your first purchase.<\/strong><br \/>\nVisit:\u00a0<a href=\"https:\/\/quintanicy.com\/\">https:\/\/quintanicy.com\/<\/a><br \/>\n<strong>Quintanicy \u2014 The natural flavor of your celebration.<\/strong><\/p>\n<\/div>\n<div class=\"elementor-element elementor-element-9ecbbf0 elementor-widget elementor-widget-spacer\" data-id=\"9ecbbf0\" data-element_type=\"widget\" data-widget_type=\"spacer.default\">\n<div class=\"elementor-spacer\"><\/div>\n<\/div>\n<\/div>\n<\/div>\n<\/div>","protected":false},"excerpt":{"rendered":"<p>Higino Jorge Eus\u00e9bio Fumo, better known as Nikotina KF, is experiencing profound grief with the loss of his father, Eus\u00e9bio Tom\u00e9 Fumo. The rapper used social media to announce his father&#039;s passing, marking this Thursday, April 24, 2025, as the day of his final farewell. In an emotional message shared with [\u2026]<\/p>","protected":false},"author":3,"featured_media":80525,"comment_status":"open","ping_status":"open","sticky":false,"template":"","format":"standard","meta":{"footnotes":""},"categories":[36],"tags":[],"class_list":["post-80524","post","type-post","status-publish","format-standard","has-post-thumbnail","hentry","category-luto"],"jetpack_featured_media_url":"https:\/\/ihapari.com\/wp-content\/uploads\/2025\/04\/IMG_20250424_055529.jpg","_links":{"self":[{"href":"https:\/\/ihapari.com\/en\/wp-json\/wp\/v2\/posts\/80524","targetHints":{"allow":["GET"]}}],"collection":[{"href":"https:\/\/ihapari.com\/en\/wp-json\/wp\/v2\/posts"}],"about":[{"href":"https:\/\/ihapari.com\/en\/wp-json\/wp\/v2\/types\/post"}],"author":[{"embeddable":true,"href":"https:\/\/ihapari.com\/en\/wp-json\/wp\/v2\/users\/3"}],"replies":[{"embeddable":true,"href":"https:\/\/ihapari.com\/en\/wp-json\/wp\/v2\/comments?post=80524"}],"version-history":[{"count":9,"href":"https:\/\/ihapari.com\/en\/wp-json\/wp\/v2\/posts\/80524\/revisions"}],"predecessor-version":[{"id":80534,"href":"https:\/\/ihapari.com\/en\/wp-json\/wp\/v2\/posts\/80524\/revisions\/80534"}],"wp:featuredmedia":[{"embeddable":true,"href":"https:\/\/ihapari.com\/en\/wp-json\/wp\/v2\/media\/80525"}],"wp:attachment":[{"href":"https:\/\/ihapari.com\/en\/wp-json\/wp\/v2\/media?parent=80524"}],"wp:term":[{"taxonomy":"category","embeddable":true,"href":"https:\/\/ihapari.com\/en\/wp-json\/wp\/v2\/categories?post=80524"},{"taxonomy":"post_tag","embeddable":true,"href":"https:\/\/ihapari.com\/en\/wp-json\/wp\/v2\/tags?post=80524"}],"curies":[{"name":"wp","href":"https:\/\/api.w.org\/{rel}","templated":true}]}}