{"id":79199,"date":"2025-03-12T18:03:08","date_gmt":"2025-03-12T16:03:08","guid":{"rendered":"https:\/\/ihapari.com\/?p=79199"},"modified":"2025-03-12T18:03:22","modified_gmt":"2025-03-12T16:03:22","slug":"gasso-franco-celebra-35-anos-com-lancamento-de-35-musicas-e-35-novos-talentos","status":"publish","type":"post","link":"https:\/\/ihapari.com\/en\/gasso-franco-celebra-35-anos-com-lancamento-de-35-musicas-e-35-novos-talentos\/","title":{"rendered":"Gasso Franco Celebra 35 Anos com Lan\u00e7amento de 35 M\u00fasicas e 35 Novos Talentos"},"content":{"rendered":"<h3><span style=\"font-size: 16px;\">No dia 3 de abril, o cantor mo\u00e7ambicano <\/span><strong style=\"font-size: 16px;\">Gasso Franco<\/strong><span style=\"font-size: 16px;\"> prepara-se para comemorar o seu 35\u00ba anivers\u00e1rio de uma forma in\u00e9dita e marcante: lan\u00e7ando <\/span><strong style=\"font-size: 16px;\">35 m\u00fasicas<\/strong><span style=\"font-size: 16px;\"> em colabora\u00e7\u00e3o com <\/span><strong style=\"font-size: 16px;\">35 novos talentos<\/strong><span style=\"font-size: 16px;\">. O projeto, que celebra n\u00e3o s\u00f3 a sua trajet\u00f3ria, mas tamb\u00e9m a riqueza do <\/span><strong style=\"font-size: 16px;\">Pandza<\/strong><span style=\"font-size: 16px;\">, tem como objetivo levar este g\u00eanero mo\u00e7ambicano ainda mais longe na di\u00e1spora.<\/span><\/h3>\n<p>Atualmente residente em <strong>Portugal<\/strong>, Gasso Franco v\u00ea este lan\u00e7amento como a realiza\u00e7\u00e3o de um sonho e um marco na hist\u00f3ria da m\u00fasica mo\u00e7ambicana. O cantor partilhou o entusiasmo com os seus seguidores, destacando a import\u00e2ncia de dar oportunidades a novos talentos:<\/p>\n<blockquote><p><em>&#8220;MAGN\ud83d\udcb0TASA! Melhor not\u00edcia que poderia dar em toda minha carreira. Ali\u00e1s, vai ser a realiza\u00e7\u00e3o de um sonho, fazer a nossa hist\u00f3ria e marcar na vida dos mo\u00e7ambicanos e do mundo todo. NB: N\u00e3o importa se tens a composi\u00e7\u00e3o toda da m\u00fasica com seu refr\u00e3o, ou queres que eu crie, uma coisa eu sei, chegou a sua vez de brilhar.&#8221;<\/em><\/p><\/blockquote>\n<p>Com essa iniciativa, Gasso Franco pretende expandir o alcance do <strong>Pandza<\/strong>, destacando o talento mo\u00e7ambicano e criando oportunidades para novos artistas se projetarem internacionalmente. O projeto promete ser um verdadeiro presente para os f\u00e3s do estilo e para a cultura musical do pa\u00eds.<\/p>\n<p>Assim como a m\u00fasica, a gastronomia tamb\u00e9m \u00e9 uma forma de celebrar talento e tradi\u00e7\u00e3o. <strong>Nicy Sabores conquista os paladares mais exigentes com pratos preparados com paix\u00e3o e ingredientes frescos. Se voc\u00ea aprecia talento e autenticidade, seja no futebol, na m\u00fasica ou na gastronomia, descubra as combina\u00e7\u00f5es irresist\u00edveis que tornam qualquer ocasi\u00e3o ainda mais especial. Saiba mais em <a href=\"https:\/\/sabores.quintanicy.com\/\">https:\/\/sabores.quintanicy.com\/<\/a>.<\/strong><\/p>","protected":false},"excerpt":{"rendered":"<p>No dia 3 de abril, o cantor mo\u00e7ambicano Gasso Franco prepara-se para comemorar o seu 35\u00ba anivers\u00e1rio de uma forma in\u00e9dita e marcante: lan\u00e7ando 35 m\u00fasicas em colabora\u00e7\u00e3o com 35 novos talentos. O projeto, que celebra n\u00e3o s\u00f3 a sua trajet\u00f3ria, mas tamb\u00e9m a riqueza do Pandza, tem como objetivo levar este g\u00eanero mo\u00e7ambicano ainda [&hellip;]<\/p>","protected":false},"author":3,"featured_media":79061,"comment_status":"open","ping_status":"open","sticky":false,"template":"","format":"standard","meta":{"footnotes":""},"categories":[29],"tags":[],"class_list":["post-79199","post","type-post","status-publish","format-standard","has-post-thumbnail","hentry","category-cultura"],"jetpack_featured_media_url":"https:\/\/ihapari.com\/wp-content\/uploads\/2025\/03\/Screenshot_2025-03-08-17-10-14-343_com.facebook.katana-edit.jpg","_links":{"self":[{"href":"https:\/\/ihapari.com\/en\/wp-json\/wp\/v2\/posts\/79199","targetHints":{"allow":["GET"]}}],"collection":[{"href":"https:\/\/ihapari.com\/en\/wp-json\/wp\/v2\/posts"}],"about":[{"href":"https:\/\/ihapari.com\/en\/wp-json\/wp\/v2\/types\/post"}],"author":[{"embeddable":true,"href":"https:\/\/ihapari.com\/en\/wp-json\/wp\/v2\/users\/3"}],"replies":[{"embeddable":true,"href":"https:\/\/ihapari.com\/en\/wp-json\/wp\/v2\/comments?post=79199"}],"version-history":[{"count":1,"href":"https:\/\/ihapari.com\/en\/wp-json\/wp\/v2\/posts\/79199\/revisions"}],"predecessor-version":[{"id":79200,"href":"https:\/\/ihapari.com\/en\/wp-json\/wp\/v2\/posts\/79199\/revisions\/79200"}],"wp:featuredmedia":[{"embeddable":true,"href":"https:\/\/ihapari.com\/en\/wp-json\/wp\/v2\/media\/79061"}],"wp:attachment":[{"href":"https:\/\/ihapari.com\/en\/wp-json\/wp\/v2\/media?parent=79199"}],"wp:term":[{"taxonomy":"category","embeddable":true,"href":"https:\/\/ihapari.com\/en\/wp-json\/wp\/v2\/categories?post=79199"},{"taxonomy":"post_tag","embeddable":true,"href":"https:\/\/ihapari.com\/en\/wp-json\/wp\/v2\/tags?post=79199"}],"curies":[{"name":"wp","href":"https:\/\/api.w.org\/{rel}","templated":true}]}}