{"id":79007,"date":"2025-03-06T08:29:09","date_gmt":"2025-03-06T06:29:09","guid":{"rendered":"https:\/\/ihapari.com\/?p=79007"},"modified":"2025-03-06T08:29:09","modified_gmt":"2025-03-06T06:29:09","slug":"carlos-serra-a-voz-da-mudanca-no-world-cleanup-day","status":"publish","type":"post","link":"https:\/\/ihapari.com\/en\/carlos-serra-a-voz-da-mudanca-no-world-cleanup-day\/","title":{"rendered":"Carlos Serra: The Voice of Change on World Cleanup Day"},"content":{"rendered":"<h1><span style=\"font-size: 16px;\">Within the scope of <\/span><strong style=\"font-size: 16px;\">World Cleanup Day<\/strong><span style=\"font-size: 16px;\">, Carlos Serra reaffirmed his commitment to sustainability and environmental preservation. Recognized for his work defending the environment, Carlos emphasized that this initiative goes far beyond a simple cleanup\u2014it is an ongoing and shared responsibility to ensure a healthier planet for future generations.<\/span><\/h1>\n<p>During the event, Carlos Serra emphasized the importance of small collective actions, which, when combined, create a significant global impact. For him, every gesture counts, and anyone can be an agent of change by adopting sustainable practices in their daily lives.<\/p>\n<p>Additionally, Carlos discussed the partnership with the project <strong>Mozambique LNG<\/strong>, highlighting joint actions aimed at environmental preservation. This collaboration demonstrates that the involvement of different sectors of society is essential to driving effective and lasting change.<\/p>\n<p>Carlos Serra&#039;s speech inspired everyone present, encouraging reflection on each individual&#039;s role in protecting the environment. His passion and vision exemplify how environmental awareness can be transformed into concrete actions, reinforcing the need for a daily and ongoing commitment to sustainability.<\/p>\n<p>Carlos Serra&#039;s message in <strong>World Cleanup Day<\/strong> resonates as a call for everyone to take responsibility for caring for the planet, proving that change begins with each one of us.<\/p>","protected":false},"excerpt":{"rendered":"<p>No \u00e2mbito do World Cleanup Day, Carlos Serra reafirmou o seu compromisso com a sustentabilidade e a preserva\u00e7\u00e3o ambiental. Reconhecido pelo seu trabalho na defesa do meio ambiente, Carlos destacou que esta iniciativa vai muito al\u00e9m de uma simples ac\u00e7\u00e3o de limpeza \u2013 trata-se de uma responsabilidade cont\u00ednua e partilhada para garantir um planeta mais [&hellip;]<\/p>","protected":false},"author":8,"featured_media":79008,"comment_status":"open","ping_status":"open","sticky":false,"template":"","format":"standard","meta":{"footnotes":""},"categories":[29],"tags":[],"class_list":["post-79007","post","type-post","status-publish","format-standard","has-post-thumbnail","hentry","category-cultura"],"jetpack_featured_media_url":"https:\/\/ihapari.com\/wp-content\/uploads\/2025\/03\/IMG_20250306_082758.jpg","_links":{"self":[{"href":"https:\/\/ihapari.com\/en\/wp-json\/wp\/v2\/posts\/79007","targetHints":{"allow":["GET"]}}],"collection":[{"href":"https:\/\/ihapari.com\/en\/wp-json\/wp\/v2\/posts"}],"about":[{"href":"https:\/\/ihapari.com\/en\/wp-json\/wp\/v2\/types\/post"}],"author":[{"embeddable":true,"href":"https:\/\/ihapari.com\/en\/wp-json\/wp\/v2\/users\/8"}],"replies":[{"embeddable":true,"href":"https:\/\/ihapari.com\/en\/wp-json\/wp\/v2\/comments?post=79007"}],"version-history":[{"count":2,"href":"https:\/\/ihapari.com\/en\/wp-json\/wp\/v2\/posts\/79007\/revisions"}],"predecessor-version":[{"id":79010,"href":"https:\/\/ihapari.com\/en\/wp-json\/wp\/v2\/posts\/79007\/revisions\/79010"}],"wp:featuredmedia":[{"embeddable":true,"href":"https:\/\/ihapari.com\/en\/wp-json\/wp\/v2\/media\/79008"}],"wp:attachment":[{"href":"https:\/\/ihapari.com\/en\/wp-json\/wp\/v2\/media?parent=79007"}],"wp:term":[{"taxonomy":"category","embeddable":true,"href":"https:\/\/ihapari.com\/en\/wp-json\/wp\/v2\/categories?post=79007"},{"taxonomy":"post_tag","embeddable":true,"href":"https:\/\/ihapari.com\/en\/wp-json\/wp\/v2\/tags?post=79007"}],"curies":[{"name":"wp","href":"https:\/\/api.w.org\/{rel}","templated":true}]}}