{"id":78939,"date":"2025-03-04T11:57:32","date_gmt":"2025-03-04T09:57:32","guid":{"rendered":"https:\/\/ihapari.com\/?p=78939"},"modified":"2025-03-04T12:02:48","modified_gmt":"2025-03-04T10:02:48","slug":"alcy-retoma-a-tour-do-filme-caly-com-inhambane-como-primeiro-destino","status":"publish","type":"post","link":"https:\/\/ihapari.com\/en\/alcy-retoma-a-tour-do-filme-caly-com-inhambane-como-primeiro-destino\/","title":{"rendered":"Alcy resumes the &quot;Caly&quot; movie tour with Inhambane as the first destination."},"content":{"rendered":"<h2><span style=\"font-size: 16px;\">After a break motivated by the difficult time the country has experienced in recent months, the actor and content creator <\/span><strong style=\"font-size: 16px;\">Alcy<\/strong><span style=\"font-size: 16px;\"> announced the return of <\/span><strong style=\"font-size: 16px;\">launch tour for her first film, &quot;Caly&quot;\u201c<\/strong><span style=\"font-size: 16px;\">. The resumption of the tour will begin with... <\/span><strong style=\"font-size: 16px;\">Inhambane province<\/strong><span style=\"font-size: 16px;\">, on the day <\/span><strong style=\"font-size: 16px;\">March 29th<\/strong><span style=\"font-size: 16px;\">, no <\/span><strong style=\"font-size: 16px;\">Hall of the Provincial House of Culture<\/strong><span style=\"font-size: 16px;\">.<\/span><\/h2>\n<p>Advertising:<\/p>\n<p>\ud83c\udfe1\u2728 Make your dream of owning your own home in Katembe come true, with all the infrastructure you need to build your ideal home! Just 20 minutes from the bridge, near the BCI houses and the Assembly, our 20x40m lots include a modern design and a pre-built wall. Contact us now via WhatsApp to learn more: +258-870190028.<\/p>\n<p><img fetchpriority=\"high\" decoding=\"async\" class=\"size-medium wp-image-78931 aligncenter\" src=\"https:\/\/ihapari.com\/wp-content\/uploads\/2025\/03\/FB_IMG_1741074932401-300x300.jpg\" alt=\"\" width=\"300\" height=\"300\" srcset=\"https:\/\/ihapari.com\/wp-content\/uploads\/2025\/03\/FB_IMG_1741074932401-300x300.jpg 300w, https:\/\/ihapari.com\/wp-content\/uploads\/2025\/03\/FB_IMG_1741074932401-1024x1024.jpg 1024w, https:\/\/ihapari.com\/wp-content\/uploads\/2025\/03\/FB_IMG_1741074932401-150x150.jpg 150w, https:\/\/ihapari.com\/wp-content\/uploads\/2025\/03\/FB_IMG_1741074932401-768x768.jpg 768w, https:\/\/ihapari.com\/wp-content\/uploads\/2025\/03\/FB_IMG_1741074932401-624x624.jpg 624w, https:\/\/ihapari.com\/wp-content\/uploads\/2025\/03\/FB_IMG_1741074932401.jpg 1080w\" sizes=\"(max-width: 300px) 100vw, 300px\" \/><\/p>\n<p>The confirmation came via the actor&#039;s social media, where he shared the news with his followers:<\/p>\n<p><em>\u201cWe&#039;re back with the @caly_filme Tour \ud83d\ude8c<br \/>\nInhambane, March 29th<br \/>\nLocation: Hall of the Provincial House of Culture.\u201d<\/em><\/p>\n<h3><strong>The Importance of \u201cCaly\u201d for Mozambican Cinema<\/strong><\/h3>\n<p>The movie <strong>\u201cCaly\u201d<\/strong> This marks a major step in the career of <strong>Alcy<\/strong>, solidifying his talent not only as an actor, but also as one of the rising names in Mozambican cinema. Since its announcement, the work has generated considerable anticipation among fans and lovers of the seventh art.<\/p>\n<p>The decision to resume the tour starting with <strong>Inhambane<\/strong> This reflects the importance of decentralizing film culture, bringing national productions to various provinces and bringing audiences closer to Mozambican cinema.<\/p>\n<h3><strong>A Tour with Great Expectations<\/strong><\/h3>\n<p>With the reopening of the tour, it is expected that more dates and locations will be announced soon, allowing more Mozambicans the opportunity to see the film and interact with it. <strong>Alcy<\/strong> and his team.<\/p>\n<p>This return marks not only a special moment for the actor&#039;s career, but also a celebration of... <strong>resilience and strength of Mozambican culture<\/strong>, which continues to grow and conquer new spaces.<\/p>","protected":false},"excerpt":{"rendered":"<p>Ap\u00f3s uma pausa motivada pelo momento dif\u00edcil que o pa\u00eds viveu nos \u00faltimos meses, o ator e criador de conte\u00fados Alcy anunciou o regresso da tour de lan\u00e7amento do seu primeiro filme, &#8220;Caly&#8221;. A retomada da digress\u00e3o ter\u00e1 como ponto de partida a prov\u00edncia de Inhambane, no dia 29 de mar\u00e7o, no Sal\u00e3o da Casa [&hellip;]<\/p>","protected":false},"author":3,"featured_media":78940,"comment_status":"open","ping_status":"open","sticky":false,"template":"","format":"standard","meta":{"footnotes":""},"categories":[29],"tags":[],"class_list":["post-78939","post","type-post","status-publish","format-standard","has-post-thumbnail","hentry","category-cultura"],"jetpack_featured_media_url":"https:\/\/ihapari.com\/wp-content\/uploads\/2025\/03\/IMG_20250304_115623.jpg","_links":{"self":[{"href":"https:\/\/ihapari.com\/en\/wp-json\/wp\/v2\/posts\/78939","targetHints":{"allow":["GET"]}}],"collection":[{"href":"https:\/\/ihapari.com\/en\/wp-json\/wp\/v2\/posts"}],"about":[{"href":"https:\/\/ihapari.com\/en\/wp-json\/wp\/v2\/types\/post"}],"author":[{"embeddable":true,"href":"https:\/\/ihapari.com\/en\/wp-json\/wp\/v2\/users\/3"}],"replies":[{"embeddable":true,"href":"https:\/\/ihapari.com\/en\/wp-json\/wp\/v2\/comments?post=78939"}],"version-history":[{"count":2,"href":"https:\/\/ihapari.com\/en\/wp-json\/wp\/v2\/posts\/78939\/revisions"}],"predecessor-version":[{"id":78942,"href":"https:\/\/ihapari.com\/en\/wp-json\/wp\/v2\/posts\/78939\/revisions\/78942"}],"wp:featuredmedia":[{"embeddable":true,"href":"https:\/\/ihapari.com\/en\/wp-json\/wp\/v2\/media\/78940"}],"wp:attachment":[{"href":"https:\/\/ihapari.com\/en\/wp-json\/wp\/v2\/media?parent=78939"}],"wp:term":[{"taxonomy":"category","embeddable":true,"href":"https:\/\/ihapari.com\/en\/wp-json\/wp\/v2\/categories?post=78939"},{"taxonomy":"post_tag","embeddable":true,"href":"https:\/\/ihapari.com\/en\/wp-json\/wp\/v2\/tags?post=78939"}],"curies":[{"name":"wp","href":"https:\/\/api.w.org\/{rel}","templated":true}]}}