{"id":77730,"date":"2025-01-27T13:24:23","date_gmt":"2025-01-27T11:24:23","guid":{"rendered":"https:\/\/ihapari.com\/?p=77730"},"modified":"2025-01-27T13:24:23","modified_gmt":"2025-01-27T11:24:23","slug":"percella-anuncia-lancamento-de-seu-primeiro-album-em-marco","status":"publish","type":"post","link":"https:\/\/ihapari.com\/en\/percella-anuncia-lancamento-de-seu-primeiro-album-em-marco\/","title":{"rendered":"Percella announces the release of his first album in March."},"content":{"rendered":"<p>A cantora mo\u00e7ambicana Percella, conhecida por sucessos como &#8220;Perder&#8221;, &#8220;Fantasia&#8221; e &#8220;Meu Peda\u00e7o&#8221;, est\u00e1 prestes a alcan\u00e7ar um marco significativo em sua carreira: o lan\u00e7amento de seu primeiro \u00e1lbum.<\/p>\n<p>Com temas que exploram o amor, o sofrimento e as decep\u00e7\u00f5es, a obra promete trazer uma abordagem profunda e emotiva sobre as nuances dos relacionamentos humanos. Para enriquecer ainda mais este trabalho, o \u00e1lbum contar\u00e1 com a participa\u00e7\u00e3o especial de uma renomada cantora mo\u00e7ambicana, cujo nome ser\u00e1 divulgado em breve.<\/p>\n<p>O lan\u00e7amento est\u00e1 previsto para mar\u00e7o deste ano e ser\u00e1 um momento marcante na trajet\u00f3ria da artista, que vem conquistando espa\u00e7o no cen\u00e1rio musical nacional com seu talento e sensibilidade.<\/p>\n<p style=\"padding-left: 40px;\">Advertising: <img fetchpriority=\"high\" decoding=\"async\" class=\"alignnone size-medium wp-image-77716 aligncenter\" src=\"https:\/\/ihapari.com\/wp-content\/uploads\/2025\/01\/FB_IMG_1737923529226-300x300.jpg\" alt=\"\" width=\"300\" height=\"300\" srcset=\"https:\/\/ihapari.com\/wp-content\/uploads\/2025\/01\/FB_IMG_1737923529226-300x300.jpg 300w, https:\/\/ihapari.com\/wp-content\/uploads\/2025\/01\/FB_IMG_1737923529226-1024x1024.jpg 1024w, https:\/\/ihapari.com\/wp-content\/uploads\/2025\/01\/FB_IMG_1737923529226-150x150.jpg 150w, https:\/\/ihapari.com\/wp-content\/uploads\/2025\/01\/FB_IMG_1737923529226-768x768.jpg 768w, https:\/\/ihapari.com\/wp-content\/uploads\/2025\/01\/FB_IMG_1737923529226-624x624.jpg 624w, https:\/\/ihapari.com\/wp-content\/uploads\/2025\/01\/FB_IMG_1737923529226.jpg 1080w\" sizes=\"(max-width: 300px) 100vw, 300px\" \/><\/p>\n<p>(A Iexpress tem a solu\u00e7\u00e3o perfeita para voc\u00ea! Aproveite 5% de desconto em nossos ar-condicionados.\ud83d\udcf2 Compre online e receba em casa: iexpress.co.mz)<\/p>\n<p>Fiquem atentos para mais informa\u00e7\u00f5es e a divulga\u00e7\u00e3o da data oficial, em breve, pela Brandwise Entertainment, respons\u00e1vel por gerenciar este projeto.<\/p>","protected":false},"excerpt":{"rendered":"<p>Mozambican singer Percella, known for hits like \u201cPerder\u201d, \u201cFantasia\u201d and \u201cMeu Peda\u00e7o\u201d, is about to reach a significant milestone in her career: the release of her first album. With themes exploring love, suffering, and disappointment, the work promises a profound and emotional approach to the nuances of human relationships. [\u2026]<\/p>","protected":false},"author":3,"featured_media":77731,"comment_status":"open","ping_status":"open","sticky":false,"template":"","format":"standard","meta":{"footnotes":""},"categories":[29],"tags":[51],"class_list":["post-77730","post","type-post","status-publish","format-standard","has-post-thumbnail","hentry","category-cultura","tag-anuar-macamo"],"jetpack_featured_media_url":"https:\/\/ihapari.com\/wp-content\/uploads\/2025\/01\/IMG-20250127-WA0015.jpg","_links":{"self":[{"href":"https:\/\/ihapari.com\/en\/wp-json\/wp\/v2\/posts\/77730","targetHints":{"allow":["GET"]}}],"collection":[{"href":"https:\/\/ihapari.com\/en\/wp-json\/wp\/v2\/posts"}],"about":[{"href":"https:\/\/ihapari.com\/en\/wp-json\/wp\/v2\/types\/post"}],"author":[{"embeddable":true,"href":"https:\/\/ihapari.com\/en\/wp-json\/wp\/v2\/users\/3"}],"replies":[{"embeddable":true,"href":"https:\/\/ihapari.com\/en\/wp-json\/wp\/v2\/comments?post=77730"}],"version-history":[{"count":1,"href":"https:\/\/ihapari.com\/en\/wp-json\/wp\/v2\/posts\/77730\/revisions"}],"predecessor-version":[{"id":77732,"href":"https:\/\/ihapari.com\/en\/wp-json\/wp\/v2\/posts\/77730\/revisions\/77732"}],"wp:featuredmedia":[{"embeddable":true,"href":"https:\/\/ihapari.com\/en\/wp-json\/wp\/v2\/media\/77731"}],"wp:attachment":[{"href":"https:\/\/ihapari.com\/en\/wp-json\/wp\/v2\/media?parent=77730"}],"wp:term":[{"taxonomy":"category","embeddable":true,"href":"https:\/\/ihapari.com\/en\/wp-json\/wp\/v2\/categories?post=77730"},{"taxonomy":"post_tag","embeddable":true,"href":"https:\/\/ihapari.com\/en\/wp-json\/wp\/v2\/tags?post=77730"}],"curies":[{"name":"wp","href":"https:\/\/api.w.org\/{rel}","templated":true}]}}