{"id":77418,"date":"2025-01-17T22:56:04","date_gmt":"2025-01-17T20:56:04","guid":{"rendered":"https:\/\/ihapari.com\/?p=77418"},"modified":"2025-01-17T22:56:04","modified_gmt":"2025-01-17T20:56:04","slug":"dudas-aled-chipande-homenageia-fokiss-junior-no-noites-vivas","status":"publish","type":"post","link":"https:\/\/ihapari.com\/en\/dudas-aled-chipande-homenageia-fokiss-junior-no-noites-vivas\/","title":{"rendered":"Dudas Aled Chipande homenageia Fokiss J\u00fanior no Noites Vivas"},"content":{"rendered":"<p>O apresentador e int\u00e9rprete musical Dudas Aled Chipande, conhecido por seu carisma \u00e0 frente do programa Noites Vivas da STV, protagonizou um momento especial durante uma recente edi\u00e7\u00e3o do programa. Dudas surpreendeu os telespectadores ao realizar uma performance ac\u00fastica da m\u00fasica &#8220;Empoderada Errada&#8221;, do m\u00fasico mo\u00e7ambicano Fokiss J\u00fanior.<\/p>\n<p>A interpreta\u00e7\u00e3o de Dudas foi marcada por emo\u00e7\u00e3o e precis\u00e3o, destacando o impacto que a can\u00e7\u00e3o tem gerado entre os amantes da m\u00fasica nacional. Lan\u00e7ada por Fokiss J\u00fanior, &#8220;Empoderada Errada&#8221; vem ganhando popularidade e j\u00e1 \u00e9 uma das m\u00fasicas mais executadas nesta quadra festiva, tanto em r\u00e1dios quanto em festas por todo o pa\u00eds.<\/p>\n<p>Com a homenagem, Dudas n\u00e3o apenas enalteceu o talento de Fokiss J\u00fanior, mas tamb\u00e9m fortaleceu a divulga\u00e7\u00e3o de artistas mo\u00e7ambicanos no cen\u00e1rio musical. O gesto foi amplamente elogiado por seguidores nas redes sociais, que destacaram o empenho do apresentador em promover a cultura local e dar visibilidade \u00e0 m\u00fasica nacional.<\/p>","protected":false},"excerpt":{"rendered":"<p>O apresentador e int\u00e9rprete musical Dudas Aled Chipande, conhecido por seu carisma \u00e0 frente do programa Noites Vivas da STV, protagonizou um momento especial durante uma recente edi\u00e7\u00e3o do programa. Dudas surpreendeu os telespectadores ao realizar uma performance ac\u00fastica da m\u00fasica &#8220;Empoderada Errada&#8221;, do m\u00fasico mo\u00e7ambicano Fokiss J\u00fanior. A interpreta\u00e7\u00e3o de Dudas foi marcada por [&hellip;]<\/p>","protected":false},"author":3,"featured_media":77272,"comment_status":"open","ping_status":"open","sticky":false,"template":"","format":"standard","meta":{"footnotes":""},"categories":[29],"tags":[51],"class_list":["post-77418","post","type-post","status-publish","format-standard","has-post-thumbnail","hentry","category-cultura","tag-anuar-macamo"],"jetpack_featured_media_url":"https:\/\/ihapari.com\/wp-content\/uploads\/2025\/01\/FB_IMG_1736766593264.jpg","_links":{"self":[{"href":"https:\/\/ihapari.com\/en\/wp-json\/wp\/v2\/posts\/77418","targetHints":{"allow":["GET"]}}],"collection":[{"href":"https:\/\/ihapari.com\/en\/wp-json\/wp\/v2\/posts"}],"about":[{"href":"https:\/\/ihapari.com\/en\/wp-json\/wp\/v2\/types\/post"}],"author":[{"embeddable":true,"href":"https:\/\/ihapari.com\/en\/wp-json\/wp\/v2\/users\/3"}],"replies":[{"embeddable":true,"href":"https:\/\/ihapari.com\/en\/wp-json\/wp\/v2\/comments?post=77418"}],"version-history":[{"count":1,"href":"https:\/\/ihapari.com\/en\/wp-json\/wp\/v2\/posts\/77418\/revisions"}],"predecessor-version":[{"id":77419,"href":"https:\/\/ihapari.com\/en\/wp-json\/wp\/v2\/posts\/77418\/revisions\/77419"}],"wp:featuredmedia":[{"embeddable":true,"href":"https:\/\/ihapari.com\/en\/wp-json\/wp\/v2\/media\/77272"}],"wp:attachment":[{"href":"https:\/\/ihapari.com\/en\/wp-json\/wp\/v2\/media?parent=77418"}],"wp:term":[{"taxonomy":"category","embeddable":true,"href":"https:\/\/ihapari.com\/en\/wp-json\/wp\/v2\/categories?post=77418"},{"taxonomy":"post_tag","embeddable":true,"href":"https:\/\/ihapari.com\/en\/wp-json\/wp\/v2\/tags?post=77418"}],"curies":[{"name":"wp","href":"https:\/\/api.w.org\/{rel}","templated":true}]}}