{"id":75556,"date":"2024-12-12T12:00:10","date_gmt":"2024-12-12T10:00:10","guid":{"rendered":"https:\/\/ihapari.com\/?p=75556"},"modified":"2024-12-12T12:06:05","modified_gmt":"2024-12-12T10:06:05","slug":"mocambique-participa-da-reuniao-dos-ministros-dos-desportos-da-regiao-austral-em-windhoek-namibia","status":"publish","type":"post","link":"https:\/\/ihapari.com\/en\/mocambique-participa-da-reuniao-dos-ministros-dos-desportos-da-regiao-austral-em-windhoek-namibia\/","title":{"rendered":"Mo\u00e7ambique Participa da Reuni\u00e3o dos Ministros dos Desportos da Regi\u00e3o Austral em Windhoek, Nam\u00edbia"},"content":{"rendered":"<p>O Secret\u00e1rio de Estado do Desportos de Mo\u00e7ambique (SED), participa, em Windhoek, na Nam\u00edbia, da reuni\u00e3o dos Ministros dos Desportos da Regi\u00e3o Austral. Este evento de grande import\u00e2ncia para o desporto na regi\u00e3o austral de \u00c1frica visa discutir quest\u00f5es chave que influenciam o desenvolvimento desportivo e a organiza\u00e7\u00e3o de grandes eventos.<\/p>\n<p>Objetivos Principais da Reuni\u00e3o<\/p>\n<p>A reuni\u00e3o tem como objetivo principal a avalia\u00e7\u00e3o e discuss\u00e3o de diversos temas importantes para o desporto na regi\u00e3o, incluindo:<\/p>\n<p>1. Balan\u00e7o dos eventos desportivos de 2024: Os ministros e representantes dos pa\u00edses da regi\u00e3o ir\u00e3o fazer uma an\u00e1lise dos eventos desportivos realizados durante o ano de 2024. Isso incluir\u00e1 a avalia\u00e7\u00e3o dos resultados, impacto e organiza\u00e7\u00e3o desses eventos, a fim de identificar \u00e1reas de melhoria para o futuro.<\/p>\n<p>2. Prepara\u00e7\u00e3o para os Jogos da AUSC (Associa\u00e7\u00e3o dos Comit\u00e9s Ol\u00edmpicos da Regi\u00e3o Austral de \u00c1frica), previstos para Julho de 2025: Um dos destaques da reuni\u00e3o ser\u00e1 a prepara\u00e7\u00e3o para os Jogos da AUSC de 2025. Os ministros discutir\u00e3o o progresso na prepara\u00e7\u00e3o para este evento de grande porte, que reunir\u00e1 atletas de toda a regi\u00e3o austral. A log\u00edstica, a infraestrutura e a organiza\u00e7\u00e3o do evento estar\u00e3o no centro das discuss\u00f5es.<\/p>\n<p>3. Perspectivas para a Organiza\u00e7\u00e3o de Mo\u00e7ambique em 2026: Mo\u00e7ambique, que tem se destacado no cen\u00e1rio desportivo da regi\u00e3o, ser\u00e1 o centro de aten\u00e7\u00e3o quando o assunto for a organiza\u00e7\u00e3o de eventos desportivos em 2026. O pa\u00eds discutir\u00e1 suas capacidades e inten\u00e7\u00f5es de sediar competi\u00e7\u00f5es regionais, com foco na infraestrutura, seguran\u00e7a e apoio \u00e0 participa\u00e7\u00e3o de atletas.<\/p>\n<p>4. Situa\u00e7\u00e3o das Quotas dos Pa\u00edses Membros: A reuni\u00e3o tamb\u00e9m abordar\u00e1 a situa\u00e7\u00e3o financeira da organiza\u00e7\u00e3o, discutindo o pagamento das quotas dos pa\u00edses membros. A contribui\u00e7\u00e3o financeira de cada na\u00e7\u00e3o \u00e9 essencial para o bom funcionamento da organiza\u00e7\u00e3o, e a regulariza\u00e7\u00e3o dessas quotas ser\u00e1 um tema importante nas delibera\u00e7\u00f5es.<\/p>\n<p>&nbsp;<\/p>\n<p>Mo\u00e7ambique em Destaque<\/p>\n<p>Mo\u00e7ambique participa da reuni\u00e3o n\u00e3o s\u00f3 como um membro ativo da regi\u00e3o, mas tamb\u00e9m na qualidade de Vice-Presidente da Regi\u00e3o Austral da AUSC. Esta posi\u00e7\u00e3o conferida ao pa\u00eds reflete o crescente papel de Mo\u00e7ambique na lideran\u00e7a desportiva na \u00c1frica Austral. O fato de ocupar o cargo de Vice-Presid\u00eancia oferece ao pa\u00eds uma voz forte nas decis\u00f5es estrat\u00e9gicas que impactam o desporto, e permite que tenha um papel de lideran\u00e7a nas discuss\u00f5es e na implementa\u00e7\u00e3o de pol\u00edticas regionais.<\/p>\n<p>Com esta participa\u00e7\u00e3o, Mo\u00e7ambique reafirma o seu compromisso com o desenvolvimento do desporto na regi\u00e3o e com a promo\u00e7\u00e3o de uma maior colabora\u00e7\u00e3o entre os pa\u00edses africanos, especialmente no que diz respeito \u00e0 organiza\u00e7\u00e3o de grandes eventos e ao fortalecimento das infraestruturas desportivas.<\/p>\n<p>&nbsp;<\/p>","protected":false},"excerpt":{"rendered":"<p>O Secret\u00e1rio de Estado do Desportos de Mo\u00e7ambique (SED), participa, em Windhoek, na Nam\u00edbia, da reuni\u00e3o dos Ministros dos Desportos da Regi\u00e3o Austral. Este evento de grande import\u00e2ncia para o desporto na regi\u00e3o austral de \u00c1frica visa discutir quest\u00f5es chave que influenciam o desenvolvimento desportivo e a organiza\u00e7\u00e3o de grandes eventos. Objetivos Principais da Reuni\u00e3o [&hellip;]<\/p>","protected":false},"author":4,"featured_media":75557,"comment_status":"open","ping_status":"open","sticky":false,"template":"","format":"standard","meta":{"footnotes":""},"categories":[1],"tags":[],"class_list":["post-75556","post","type-post","status-publish","format-standard","has-post-thumbnail","hentry","category-sem-categoria"],"jetpack_featured_media_url":"https:\/\/ihapari.com\/wp-content\/uploads\/2024\/12\/IMG-20241212-WA0029.jpg","_links":{"self":[{"href":"https:\/\/ihapari.com\/en\/wp-json\/wp\/v2\/posts\/75556","targetHints":{"allow":["GET"]}}],"collection":[{"href":"https:\/\/ihapari.com\/en\/wp-json\/wp\/v2\/posts"}],"about":[{"href":"https:\/\/ihapari.com\/en\/wp-json\/wp\/v2\/types\/post"}],"author":[{"embeddable":true,"href":"https:\/\/ihapari.com\/en\/wp-json\/wp\/v2\/users\/4"}],"replies":[{"embeddable":true,"href":"https:\/\/ihapari.com\/en\/wp-json\/wp\/v2\/comments?post=75556"}],"version-history":[{"count":3,"href":"https:\/\/ihapari.com\/en\/wp-json\/wp\/v2\/posts\/75556\/revisions"}],"predecessor-version":[{"id":75560,"href":"https:\/\/ihapari.com\/en\/wp-json\/wp\/v2\/posts\/75556\/revisions\/75560"}],"wp:featuredmedia":[{"embeddable":true,"href":"https:\/\/ihapari.com\/en\/wp-json\/wp\/v2\/media\/75557"}],"wp:attachment":[{"href":"https:\/\/ihapari.com\/en\/wp-json\/wp\/v2\/media?parent=75556"}],"wp:term":[{"taxonomy":"category","embeddable":true,"href":"https:\/\/ihapari.com\/en\/wp-json\/wp\/v2\/categories?post=75556"},{"taxonomy":"post_tag","embeddable":true,"href":"https:\/\/ihapari.com\/en\/wp-json\/wp\/v2\/tags?post=75556"}],"curies":[{"name":"wp","href":"https:\/\/api.w.org\/{rel}","templated":true}]}}