{"id":72998,"date":"2024-10-16T16:39:43","date_gmt":"2024-10-16T14:39:43","guid":{"rendered":"https:\/\/ihapari.com\/?p=72998"},"modified":"2024-10-16T16:39:43","modified_gmt":"2024-10-16T14:39:43","slug":"mocambique-sem-alcinda-panguana-rady-gramane-e-tiago-muxanga-no-campeonato-africano-de-boxe","status":"publish","type":"post","link":"https:\/\/ihapari.com\/en\/mocambique-sem-alcinda-panguana-rady-gramane-e-tiago-muxanga-no-campeonato-africano-de-boxe\/","title":{"rendered":"Mozambique will be without Alcinda Panguana, Rady Gramane and Tiago Muxanga at the African Boxing Championships."},"content":{"rendered":"<p>Alcinda Panguana, Rady Gramane, and Tiago Muxanga, three of the biggest names in Mozambican boxing, will not participate in the African Boxing Championships to be held in the Democratic Republic of Congo, starting this Thursday. The decision was made by the national coach, Lucas Sinoia, due to the short preparation time for the athletes after the Olympic Games.<\/p>\n<p>Alcinda Panguana and Rady Gramane, both two-time African champions, won titles in Maputo in 2022 and in Yaound\u00e9, Cameroon, last year. However, this time they will not be able to defend their crowns. For Tiago Muxanga, their absence represents the loss of an opportunity to win his first African medal.<\/p>\n<p>The three boxers, who received 30 days of rest after the Olympic Games, returned to training close to the competition, which motivated Sinoia to opt for taking athletes who were in better physical and technical condition to the tournament. Therefore, four other boxers will represent the country in the continental championship.<\/p>\n<p>Despite the notable absences, Mozambican boxing remains a benchmark on the continent, and the athletes not selected will concentrate their efforts on the regional championship, which will be held in Maputo in December. The focus now shifts to this competition, where the country hopes to reaffirm its prominent position in regional boxing.<\/p>\n<p>&nbsp;<\/p>","protected":false},"excerpt":{"rendered":"<p>Alcinda Panguana, Rady Gramane e Tiago Muxanga, tr\u00eas dos maiores nomes do boxe mo\u00e7ambicano, n\u00e3o participar\u00e3o no Campeonato Africano de Boxe que ser\u00e1 realizado na Rep\u00fablica Democr\u00e1tica do Congo, a partir desta quinta-feira. A decis\u00e3o foi tomada pelo selecionador nacional, Lucas Sinoia, devido ao curto tempo de prepara\u00e7\u00e3o dos atletas ap\u00f3s os Jogos Ol\u00edmpicos. Alcinda [&hellip;]<\/p>","protected":false},"author":4,"featured_media":72999,"comment_status":"open","ping_status":"open","sticky":false,"template":"","format":"standard","meta":{"footnotes":""},"categories":[73],"tags":[37],"class_list":["post-72998","post","type-post","status-publish","format-standard","has-post-thumbnail","hentry","category-box","tag-luis-macamo"],"jetpack_featured_media_url":"https:\/\/ihapari.com\/wp-content\/uploads\/2024\/10\/Screenshot_20241016-163857_Google.jpg","_links":{"self":[{"href":"https:\/\/ihapari.com\/en\/wp-json\/wp\/v2\/posts\/72998","targetHints":{"allow":["GET"]}}],"collection":[{"href":"https:\/\/ihapari.com\/en\/wp-json\/wp\/v2\/posts"}],"about":[{"href":"https:\/\/ihapari.com\/en\/wp-json\/wp\/v2\/types\/post"}],"author":[{"embeddable":true,"href":"https:\/\/ihapari.com\/en\/wp-json\/wp\/v2\/users\/4"}],"replies":[{"embeddable":true,"href":"https:\/\/ihapari.com\/en\/wp-json\/wp\/v2\/comments?post=72998"}],"version-history":[{"count":1,"href":"https:\/\/ihapari.com\/en\/wp-json\/wp\/v2\/posts\/72998\/revisions"}],"predecessor-version":[{"id":73000,"href":"https:\/\/ihapari.com\/en\/wp-json\/wp\/v2\/posts\/72998\/revisions\/73000"}],"wp:featuredmedia":[{"embeddable":true,"href":"https:\/\/ihapari.com\/en\/wp-json\/wp\/v2\/media\/72999"}],"wp:attachment":[{"href":"https:\/\/ihapari.com\/en\/wp-json\/wp\/v2\/media?parent=72998"}],"wp:term":[{"taxonomy":"category","embeddable":true,"href":"https:\/\/ihapari.com\/en\/wp-json\/wp\/v2\/categories?post=72998"},{"taxonomy":"post_tag","embeddable":true,"href":"https:\/\/ihapari.com\/en\/wp-json\/wp\/v2\/tags?post=72998"}],"curies":[{"name":"wp","href":"https:\/\/api.w.org\/{rel}","templated":true}]}}