{"id":72474,"date":"2024-10-04T16:15:21","date_gmt":"2024-10-04T14:15:21","guid":{"rendered":"https:\/\/ihapari.com\/?p=72474"},"modified":"2024-10-04T16:15:21","modified_gmt":"2024-10-04T14:15:21","slug":"celebridades-mocambicanas-celebram-o-dia-da-paz-com-mensagens-inspiradoras","status":"publish","type":"post","link":"https:\/\/ihapari.com\/en\/celebridades-mocambicanas-celebram-o-dia-da-paz-com-mensagens-inspiradoras\/","title":{"rendered":"Celebridades Mo\u00e7ambicanas Celebram o Dia da Paz com Mensagens Inspiradoras"},"content":{"rendered":"<p>Hoje, Mo\u00e7ambique comemora o Dia da Paz, uma data de grande import\u00e2ncia para o pa\u00eds, simbolizando a uni\u00e3o e a harmonia conquistadas ap\u00f3s anos de conflito. V\u00e1rias figuras p\u00fablicas, incluindo artistas e influenciadores, aproveitaram o momento para compartilhar mensagens de paz e esperan\u00e7a com os seus seguidores nas redes sociais, destacando a relev\u00e2ncia da data.<\/p>\n<p>Uma das primeiras a expressar seus votos foi a cantora Marllen Preta Negra, que publicou uma mensagem repleta de afeto e espiritualidade. \u201cFeliz Dia da Paz, meus amores \ud83e\udd0d\ud83e\udd0d\ud83e\udd0d Que a paz que excede todo o entendimento esteja sempre presente nos nossos cora\u00e7\u00f5es. Deus aben\u00e7oe Mo\u00e7ambique \ud83d\udc96\ud83d\udc96\ud83d\udc96&#8221;, escreveu a cantora, emocionando seus f\u00e3s com palavras de f\u00e9 e uni\u00e3o.<\/p>\n<p>A influencer digital, conhecida por seu conte\u00fado inspirador, tamb\u00e9m marcou presen\u00e7a nas redes sociais, com uma mensagem breve, mas cheia de significado: &#8220;Feliz dia da Paz, meus amores \ud83e\udef6&#8221;. Seus seguidores reagiram com entusiasmo, refletindo o sentimento de gratid\u00e3o que a data desperta.<\/p>\n<p>J\u00e1 o rapper 16 Cenas, conhecido por suas letras contundentes, optou por uma abordagem mais provocativa ao compartilhar: &#8220;Feliz dia da paz, mas aos \u00edmpios n\u00e3o daremos&#8221;. A frase gerou debates entre seus f\u00e3s, mas foi igualmente vista como uma express\u00e3o de reflex\u00e3o sobre os desafios cont\u00ednuos que o pa\u00eds enfrenta.<\/p>\n<p>Outros artistas tamb\u00e9m se uniram a essa onda de mensagens, dedicando tempo para lembrar aos seus f\u00e3s a import\u00e2ncia da paz, n\u00e3o apenas como um ideal nacional, mas como uma pr\u00e1tica di\u00e1ria nas vidas de todos os mo\u00e7ambicanos.<\/p>\n<p>Neste dia especial, as mensagens compartilhadas por essas figuras p\u00fablicas servem como um lembrete do valor da paz e da import\u00e2ncia de cultivar o amor, a compreens\u00e3o e a unidade no cora\u00e7\u00e3o de cada cidad\u00e3o. Mo\u00e7ambique celebra n\u00e3o apenas a paz alcan\u00e7ada, mas tamb\u00e9m o compromisso de preserv\u00e1-la para as gera\u00e7\u00f5es futuras.<\/p>\n<p>&nbsp;<\/p>","protected":false},"excerpt":{"rendered":"<p>Hoje, Mo\u00e7ambique comemora o Dia da Paz, uma data de grande import\u00e2ncia para o pa\u00eds, simbolizando a uni\u00e3o e a harmonia conquistadas ap\u00f3s anos de conflito. V\u00e1rias figuras p\u00fablicas, incluindo artistas e influenciadores, aproveitaram o momento para compartilhar mensagens de paz e esperan\u00e7a com os seus seguidores nas redes sociais, destacando a relev\u00e2ncia da data. [&hellip;]<\/p>","protected":false},"author":3,"featured_media":72475,"comment_status":"open","ping_status":"open","sticky":false,"template":"","format":"standard","meta":{"footnotes":""},"categories":[29],"tags":[37],"class_list":["post-72474","post","type-post","status-publish","format-standard","has-post-thumbnail","hentry","category-cultura","tag-luis-macamo"],"jetpack_featured_media_url":"https:\/\/ihapari.com\/wp-content\/uploads\/2024\/10\/FB_IMG_1728039483738.jpg","_links":{"self":[{"href":"https:\/\/ihapari.com\/en\/wp-json\/wp\/v2\/posts\/72474","targetHints":{"allow":["GET"]}}],"collection":[{"href":"https:\/\/ihapari.com\/en\/wp-json\/wp\/v2\/posts"}],"about":[{"href":"https:\/\/ihapari.com\/en\/wp-json\/wp\/v2\/types\/post"}],"author":[{"embeddable":true,"href":"https:\/\/ihapari.com\/en\/wp-json\/wp\/v2\/users\/3"}],"replies":[{"embeddable":true,"href":"https:\/\/ihapari.com\/en\/wp-json\/wp\/v2\/comments?post=72474"}],"version-history":[{"count":1,"href":"https:\/\/ihapari.com\/en\/wp-json\/wp\/v2\/posts\/72474\/revisions"}],"predecessor-version":[{"id":72476,"href":"https:\/\/ihapari.com\/en\/wp-json\/wp\/v2\/posts\/72474\/revisions\/72476"}],"wp:featuredmedia":[{"embeddable":true,"href":"https:\/\/ihapari.com\/en\/wp-json\/wp\/v2\/media\/72475"}],"wp:attachment":[{"href":"https:\/\/ihapari.com\/en\/wp-json\/wp\/v2\/media?parent=72474"}],"wp:term":[{"taxonomy":"category","embeddable":true,"href":"https:\/\/ihapari.com\/en\/wp-json\/wp\/v2\/categories?post=72474"},{"taxonomy":"post_tag","embeddable":true,"href":"https:\/\/ihapari.com\/en\/wp-json\/wp\/v2\/tags?post=72474"}],"curies":[{"name":"wp","href":"https:\/\/api.w.org\/{rel}","templated":true}]}}