{"id":71828,"date":"2024-09-19T14:23:44","date_gmt":"2024-09-19T12:23:44","guid":{"rendered":"https:\/\/ihapari.com\/?p=71828"},"modified":"2024-09-23T23:37:01","modified_gmt":"2024-09-23T21:37:01","slug":"celebracao-dos-30-anos-da-ordem-dos-advogados-de-mocambique-musical-com-participacao-de-reclusas-e-dama-do-bling","status":"publish","type":"post","link":"https:\/\/ihapari.com\/en\/celebracao-dos-30-anos-da-ordem-dos-advogados-de-mocambique-musical-com-participacao-de-reclusas-e-dama-do-bling\/","title":{"rendered":"Celebration of the 30th Anniversary of the Mozambican Bar Association: Musical with the Participation of Inmates and the Bling Lady"},"content":{"rendered":"<p>Hoje, a partir das 18h, o Centro Cultural Mo\u00e7ambique-China ser\u00e1 palco de um evento singular, que promete trazer emo\u00e7\u00e3o e reflex\u00e3o ao p\u00fablico. O musical Des\u2019Arte, dirigido pelo consagrado m\u00fasico Z\u00e9 Pires, foi criado especialmente para celebrar os 30 anos da Ordem dos Advogados de Mo\u00e7ambique. Mais do que uma simples celebra\u00e7\u00e3o, o espet\u00e1culo busca unir diferentes vozes, oferecendo uma experi\u00eancia cultural e social \u00fanica.<\/p>\n<p>Uma das principais atra\u00e7\u00f5es do evento ser\u00e1 a participa\u00e7\u00e3o de seis reclusas do Estabelecimento Penitenci\u00e1rio Especial para Mulheres de Maputo, que atuar\u00e3o ao lado da renomada cantora mo\u00e7ambicana Dama do Bling. Juntas, elas interpretar\u00e3o o tema *Desabafo do Recluso*, numa apresenta\u00e7\u00e3o que pretende sensibilizar o p\u00fablico para quest\u00f5es sociais e dar visibilidade \u00e0 reabilita\u00e7\u00e3o atrav\u00e9s da arte. Al\u00e9m das seis internas, duas ex-reclusas que j\u00e1 cumpriram suas penas tamb\u00e9m far\u00e3o parte do espet\u00e1culo, trazendo ainda mais profundidade \u00e0 performance.<\/p>\n<p>O musical *Des\u2019Arte* contar\u00e1 tamb\u00e9m com a participa\u00e7\u00e3o de grandes nomes da m\u00fasica e cultura mo\u00e7ambicana, como Yolanda Chicane, On\u00e9sia Muholove, Isabel Jorge, M\u00e1rio Mabjaia, Hor\u00e1cio Guiamba, Pauleta Muholove, D\u00e9nio Pelembe e Juliana de Sousa, enriquecendo ainda mais a celebra\u00e7\u00e3o.<\/p>\n<p>\ud835\udc09\ud835\udc2e\ud835\udc2c\ud835\udc2d\ud835\udc22\ud835\udc27\ud835\udc22\ud835\udc1a\ud835\udc27\ud835\udc28 \ud835\udc14\ud835\udc1b\ud835\udc1a\ud835\udc24\ud835\udc24\ud835\udc1a \ud835\udc02\ud835\udc1e\ud835\udc25\ud835\udc1e\ud835\udc1b\ud835\udc2b\ud835\udc1a \ud835\udc00\ud835\udc27\ud835\udc28\ud835\udc2c \ud835\udc1d\ud835\udc1e \ud835\udc00\ud835\udc26\ud835\udc28\ud835\udc2b \ud835\udc27\ud835\udc1a\ud835\udc2c \ud835\udc11\ud835\udc1e\ud835\udc1d\ud835\udc1e\ud835\udc2c \ud835\udc12\ud835\udc28\ud835\udc1c\ud835\udc22\ud835\udc1a\ud835\udc22\ud835\udc2c<\/p>\n<p>O cantor Justiniano Ubakka emocionou os f\u00e3s ao partilhar duas fotos ao lado de sua esposa, uma tirada no in\u00edcio da rela\u00e7\u00e3o e outra mais recente. A publica\u00e7\u00e3o, que rapidamente conquistou a internet, demonstra a trajet\u00f3ria do casal ao longo dos anos, recebendo uma onda de elogios e mensagens de apoio dos seguidores. Ubakka, que \u00e9 uma das vozes mais respeitadas do pa\u00eds, mostrou que, al\u00e9m do sucesso profissional, o seu relacionamento tamb\u00e9m \u00e9 uma hist\u00f3ria de sucesso e resili\u00eancia.<\/p>\n<p>\ud835\udc0b\ud835\udc22\ud835\udc33\ud835\udc21\ud835\udc1a \ud835\udc09\ud835\udc1a\ud835\udc26\ud835\udc1e\ud835\udc2c, \ud835\udc2f\ud835\udc28\ud835\udc25\ud835\udc2d\ud835\udc1a \ud835\udc1a \ud835\udc2b\ud835\udc28\ud835\udc2e\ud835\udc1b\ud835\udc1a\ud835\udc2b \ud835\udc1a \ud835\udc1c\ud835\udc1e\ud835\udc27\ud835\udc1a \ud835\udc27\ud835\udc1a\ud835\udc2c \ud835\udc2b\ud835\udc1e\ud835\udc1d\ud835\udc1e\ud835\udc2c \ud835\udc2c\ud835\udc28\ud835\udc1c\ud835\udc22\ud835\udc1a\ud835\udc22\ud835\udc2c.<\/p>\n<p>A diva da m\u00fasica mo\u00e7ambicana, Lizha James, voltou a roubar a cena nas redes sociais. A cantora, que \u00e9 \u00edcone de inspira\u00e7\u00e3o para muitos, partilhou uma nova sess\u00e3o de fotos acompanhada de um texto motivacional. A postagem rapidamente se encheu de coment\u00e1rios positivos, com f\u00e3s elogiando sua beleza e for\u00e7a. &#8220;Muito Linda&#8221;, &#8220;Diva\u2665\ufe0famo-te&#8221;, e &#8220;Nha diva muito linda \ud83e\udd70&#8221; foram apenas algumas das mensagens carinhosas deixadas para a cantora.<\/p>\n<p>\ud835\udc11\ud835\udc1a\ud835\udc29\ud835\udc28\u0301\ud835\udc1d\ud835\udc2b\ud835\udc28\ud835\udc26\ud835\udc28: \ud835\udc00 \ud835\udc01\ud835\udc1a\ud835\udc2d\ud835\udc1a\ud835\udc25\ud835\udc21\ud835\udc1a \ud835\udc04\ud835\udc27\ud835\udc2d\ud835\udc2b\ud835\udc1e \ud835\udfcf\ud835\udfd4 \ud835\udc02\ud835\udc1e\ud835\udc27\ud835\udc1a\ud835\udc2c \ud835\udc1e \ud835\udc0a\ud835\udc1a\ud835\udc1d\ud835\udc1a\ud835\udc1b\ud835\udc2b\ud835\udc1a \ud835\udc0c\ud835\udc1c \ud835\udc0f\ud835\udc28\ud835\udc1d\ud835\udc1e \ud835\udc04\ud835\udc2c\ud835\udc2d\ud835\udc1a\ud835\udc2b \ud835\udc0f\ud835\udc2b\ud835\udc28\u0301\ud835\udc31\ud835\udc22\ud835\udc26\ud835\udc1a<\/p>\n<p>Os amantes de rap em Mo\u00e7ambique est\u00e3o a fervilhar com a possibilidade de uma nova batalha \u00e9pica no Rap\u00f3dromo. O confronto entre 16 Cenas e Kadabra Mc, dois dos maiores nomes da cena de battle rap do pa\u00eds, parece estar cada vez mais perto. Allan, uma figura influente no meio, quer trazer os dois rappers para o mesmo ringue, criando grande expectativa entre os f\u00e3s.<\/p>\n<p>A \u00faltima vez que os dois artistas se enfrentaram foi h\u00e1 cinco anos, no evento Duplo Impacto, onde 16 Cenas fez dueto com Dom Barroso e Kadabra Mc juntou-se a Epaitxos One. Naquela ocasi\u00e3o, a vit\u00f3ria foi atribu\u00edda a Dom Barroso e Trovoada, deixando os seguidores ansiosos por uma nova disputa para ver quem, finalmente, levar\u00e1 a melhor.<\/p>\n<p>Essas s\u00e3o apenas algumas das movimenta\u00e7\u00f5es no vibrante cen\u00e1rio art\u00edstico mo\u00e7ambicano, que continua a mostrar que, em diferentes \u00e1reas, desde a m\u00fasica at\u00e9 a arte performativa, h\u00e1 sempre algo novo e emocionante a acontecer.<\/p>","protected":false},"excerpt":{"rendered":"<p>Today, starting at 6 p.m., the Mozambique-China Cultural Center will host a unique event that promises to bring emotion and reflection to the audience. The musical Des&#039;Arte, directed by renowned musician Z\u00e9 Pires, was created especially to celebrate the 30th anniversary of the Mozambican Bar Association. More than just a celebration, the show seeks to [\u2026]<\/p>","protected":false},"author":3,"featured_media":71829,"comment_status":"open","ping_status":"open","sticky":false,"template":"","format":"standard","meta":{"footnotes":""},"categories":[29],"tags":[127],"class_list":["post-71828","post","type-post","status-publish","format-standard","has-post-thumbnail","hentry","category-cultura","tag-luis-resumos"],"jetpack_featured_media_url":"https:\/\/ihapari.com\/wp-content\/uploads\/2024\/09\/Screenshot_20240919-140045_Instagram.jpg","_links":{"self":[{"href":"https:\/\/ihapari.com\/en\/wp-json\/wp\/v2\/posts\/71828","targetHints":{"allow":["GET"]}}],"collection":[{"href":"https:\/\/ihapari.com\/en\/wp-json\/wp\/v2\/posts"}],"about":[{"href":"https:\/\/ihapari.com\/en\/wp-json\/wp\/v2\/types\/post"}],"author":[{"embeddable":true,"href":"https:\/\/ihapari.com\/en\/wp-json\/wp\/v2\/users\/3"}],"replies":[{"embeddable":true,"href":"https:\/\/ihapari.com\/en\/wp-json\/wp\/v2\/comments?post=71828"}],"version-history":[{"count":1,"href":"https:\/\/ihapari.com\/en\/wp-json\/wp\/v2\/posts\/71828\/revisions"}],"predecessor-version":[{"id":71830,"href":"https:\/\/ihapari.com\/en\/wp-json\/wp\/v2\/posts\/71828\/revisions\/71830"}],"wp:featuredmedia":[{"embeddable":true,"href":"https:\/\/ihapari.com\/en\/wp-json\/wp\/v2\/media\/71829"}],"wp:attachment":[{"href":"https:\/\/ihapari.com\/en\/wp-json\/wp\/v2\/media?parent=71828"}],"wp:term":[{"taxonomy":"category","embeddable":true,"href":"https:\/\/ihapari.com\/en\/wp-json\/wp\/v2\/categories?post=71828"},{"taxonomy":"post_tag","embeddable":true,"href":"https:\/\/ihapari.com\/en\/wp-json\/wp\/v2\/tags?post=71828"}],"curies":[{"name":"wp","href":"https:\/\/api.w.org\/{rel}","templated":true}]}}