{"id":71676,"date":"2024-09-16T09:18:37","date_gmt":"2024-09-16T07:18:37","guid":{"rendered":"https:\/\/ihapari.com\/?p=71676"},"modified":"2024-09-27T00:27:33","modified_gmt":"2024-09-26T22:27:33","slug":"aires-cossa-apresenta-seu-novo-carro-e-recebe-elogios-dos-fas","status":"publish","type":"post","link":"https:\/\/ihapari.com\/en\/aires-cossa-apresenta-seu-novo-carro-e-recebe-elogios-dos-fas\/","title":{"rendered":"Aires Cossa Apresenta Seu Novo Carro e Recebe Elogios dos F\u00e3s"},"content":{"rendered":"<p>O conhecido apresentador mo\u00e7ambicano, Aires Cossa, surpreendeu o p\u00fablico ao revelar o seu novo carro atrav\u00e9s das redes sociais. A not\u00edcia rapidamente gerou uma onda de rea\u00e7\u00f5es positivas, com in\u00fameros f\u00e3s e seguidores a felicitarem o apresentador pela nova conquista. Cossa, que \u00e9 uma das figuras mais respeitadas da televis\u00e3o mo\u00e7ambicana, continua a partilhar momentos pessoais com os seus admiradores, criando uma liga\u00e7\u00e3o forte com o p\u00fablico.<\/p>\n<p><strong>Mabermuda Enche Fins de Semana com Concertos em V\u00e1rias Cidades<\/strong><\/p>\n<p>O cantor mo\u00e7ambicano Mabermuda esteve em alta atividade durante o \u00faltimo fim de semana, realizando uma s\u00e9rie de concertos por v\u00e1rias cidades e vilas do pa\u00eds. As suas performances passaram por locais como Ch\u00f3kw\u00e8, Mapai, Macia, Namaacha, Matutu\u00edne e Marracuene, onde abrilhantou os seus f\u00e3s com atua\u00e7\u00f5es eletrizantes. Mabermuda, que tem uma agenda preenchida, prepara-se para lan\u00e7ar um novo \u00e1lbum em novembro, prometendo continuar a encantar os seus seguidores com novos sucessos.<\/p>\n<p><strong><br \/>\n&#8220;Caly&#8221; de Alcy Estreia com Sucesso e Atra\u00ed P\u00fablico Significativo nos Cinemas de Maputo<\/strong><\/p>\n<p>O ator e criador de conte\u00fados mo\u00e7ambicano Alcy estreou com grande sucesso o seu novo filme, <em>\u201cCaly\u201d<\/em>, nos cinemas de Maputo. A primeira sess\u00e3o contou com a presen\u00e7a de um p\u00fablico consider\u00e1vel, que demonstrou entusiasmo ao apoiar uma produ\u00e7\u00e3o completamente mo\u00e7ambicana. A obra, dirigida e protagonizada por Alcy, \u00e9 um marco importante para o cinema nacional, destacando-se como uma das poucas produ\u00e7\u00f5es locais a receber grande aten\u00e7\u00e3o tanto dos cr\u00edticos quanto do p\u00fablico.<\/p>\n<p>Durante a exibi\u00e7\u00e3o, <em>\u201cCaly\u201d<\/em> foi amplamente elogiado pela sua qualidade t\u00e9cnica, roteiro envolvente e a capacidade de abordar temas locais com profundidade e originalidade. Os espectadores presentes n\u00e3o hesitaram em demonstrar o seu apre\u00e7o pela obra, destacando a import\u00e2ncia do filme para a promo\u00e7\u00e3o do cinema mo\u00e7ambicano. Com a recep\u00e7\u00e3o positiva, <em>\u201cCaly\u201d<\/em> promete abrir novas oportunidades para outros realizadores e artistas no pa\u00eds, consolidando um movimento de renova\u00e7\u00e3o na s\u00e9tima arte de Mo\u00e7ambique.<\/p>","protected":false},"excerpt":{"rendered":"<p>O conhecido apresentador mo\u00e7ambicano, Aires Cossa, surpreendeu o p\u00fablico ao revelar o seu novo carro atrav\u00e9s das redes sociais. A not\u00edcia rapidamente gerou uma onda de rea\u00e7\u00f5es positivas, com in\u00fameros f\u00e3s e seguidores a felicitarem o apresentador pela nova conquista. Cossa, que \u00e9 uma das figuras mais respeitadas da televis\u00e3o mo\u00e7ambicana, continua a partilhar momentos [&hellip;]<\/p>","protected":false},"author":3,"featured_media":71677,"comment_status":"open","ping_status":"open","sticky":false,"template":"","format":"standard","meta":{"footnotes":""},"categories":[29],"tags":[127],"class_list":["post-71676","post","type-post","status-publish","format-standard","has-post-thumbnail","hentry","category-cultura","tag-luis-resumos"],"jetpack_featured_media_url":"https:\/\/ihapari.com\/wp-content\/uploads\/2024\/09\/460121090_513885301586910_2895233011739958690_n.jpg","_links":{"self":[{"href":"https:\/\/ihapari.com\/en\/wp-json\/wp\/v2\/posts\/71676","targetHints":{"allow":["GET"]}}],"collection":[{"href":"https:\/\/ihapari.com\/en\/wp-json\/wp\/v2\/posts"}],"about":[{"href":"https:\/\/ihapari.com\/en\/wp-json\/wp\/v2\/types\/post"}],"author":[{"embeddable":true,"href":"https:\/\/ihapari.com\/en\/wp-json\/wp\/v2\/users\/3"}],"replies":[{"embeddable":true,"href":"https:\/\/ihapari.com\/en\/wp-json\/wp\/v2\/comments?post=71676"}],"version-history":[{"count":1,"href":"https:\/\/ihapari.com\/en\/wp-json\/wp\/v2\/posts\/71676\/revisions"}],"predecessor-version":[{"id":71678,"href":"https:\/\/ihapari.com\/en\/wp-json\/wp\/v2\/posts\/71676\/revisions\/71678"}],"wp:featuredmedia":[{"embeddable":true,"href":"https:\/\/ihapari.com\/en\/wp-json\/wp\/v2\/media\/71677"}],"wp:attachment":[{"href":"https:\/\/ihapari.com\/en\/wp-json\/wp\/v2\/media?parent=71676"}],"wp:term":[{"taxonomy":"category","embeddable":true,"href":"https:\/\/ihapari.com\/en\/wp-json\/wp\/v2\/categories?post=71676"},{"taxonomy":"post_tag","embeddable":true,"href":"https:\/\/ihapari.com\/en\/wp-json\/wp\/v2\/tags?post=71676"}],"curies":[{"name":"wp","href":"https:\/\/api.w.org\/{rel}","templated":true}]}}