{"id":71592,"date":"2024-09-13T14:56:33","date_gmt":"2024-09-13T12:56:33","guid":{"rendered":"https:\/\/ihapari.com\/?p=71592"},"modified":"2024-09-13T14:56:33","modified_gmt":"2024-09-13T12:56:33","slug":"hipolito-senete-assume-comando-do-textafrica-contra-o-costa-do-sol","status":"publish","type":"post","link":"https:\/\/ihapari.com\/en\/hipolito-senete-assume-comando-do-textafrica-contra-o-costa-do-sol\/","title":{"rendered":"Hip\u00f3lito Senete Assume Comando do Text\u00e1frica Contra o Costa do Sol"},"content":{"rendered":"<p>O treinador mo\u00e7ambicano Hip\u00f3lito Senete foi nomeado para liderar o Text\u00e1frica do Chimoio na partida decisiva contra o Costa do Sol, marcada para amanh\u00e3, no \u00e2mbito da 16.\u00aa jornada do Mo\u00e7ambola-2024. O t\u00e9cnico, que j\u00e1 teve v\u00e1rias passagens pelo clube, foi apresentado oficialmente aos jogadores durante um treino realizado esta manh\u00e3, em prepara\u00e7\u00e3o para o jogo.<\/p>\n<p>Apesar da nomea\u00e7\u00e3o de Senete, o presidente do Text\u00e1frica, Alfredo Dezima, assegurou que o treinador principal da equipe ainda \u00e9 Jo\u00e3o Chissano, que, segundo o dirigente, continua com o contrato em vigor. Dezima explicou que a aus\u00eancia de Chissano se deve, possivelmente, a quest\u00f5es pessoais, mencionando que o t\u00e9cnico poder\u00e1 ter permanecido em Maputo ap\u00f3s o \u00faltimo jogo da equipe, realizado em Lichinga, devido ao clima tenso que se viveu nos \u00faltimos dias.<\/p>\n<p>Dezima mostrou confian\u00e7a no retorno de Chissano at\u00e9 segunda-feira, afirmando que o clube n\u00e3o tem d\u00edvidas com o treinador e espera que ele continue o trabalho que iniciou. O presidente tamb\u00e9m anunciou o retorno de importantes jogadores, como Soares Victor Soares (Soarito), que devem se juntar \u00e0 equipe em breve.<\/p>\n<p><strong>Retorno aos Treinos e Acordo com Empres\u00e1rios<\/strong><\/p>\n<p>A equipe do Text\u00e1frica, ap\u00f3s um per\u00edodo de instabilidade financeira, voltou aos treinos nesta manh\u00e3, com a situa\u00e7\u00e3o salarial parcialmente resolvida. Segundo informa\u00e7\u00f5es, 50% dos sal\u00e1rios em atraso foram pagos, gra\u00e7as \u00e0 interven\u00e7\u00e3o de um grupo de empres\u00e1rios da prov\u00edncia de Manica, que se uniu recentemente para apoiar o clube e garantir a sua perman\u00eancia no Mo\u00e7ambola. Esta ajuda foi crucial, uma vez que a licen\u00e7a do clube havia sido temporariamente suspensa devido a esses problemas financeiros.<\/p>\n<p><strong>Compromisso dos Jogadores<\/strong><\/p>\n<p>Apesar das adversidades, os jogadores do Text\u00e1frica est\u00e3o determinados a dar o seu melhor na partida contra o Costa do Sol. O capit\u00e3o da equipe, M\u00e1rio Sinamunda, falou em nome dos jogadores, garantindo que a equipe est\u00e1 focada em conquistar a vit\u00f3ria. &#8220;Vamos fazer o nosso m\u00e1ximo para ganhar o jogo&#8221;, declarou o capit\u00e3o, demonstrando confian\u00e7a e uni\u00e3o em torno do objetivo de superar este desafio no campeonato.<\/p>\n<p>O confronto entre Text\u00e1frica e Costa do Sol promete ser uma partida intensa, com o Text\u00e1frica buscando somar pontos vitais para se afastar das \u00faltimas posi\u00e7\u00f5es da tabela do Mo\u00e7ambola e garantir a sua perman\u00eancia na competi\u00e7\u00e3o.<\/p>","protected":false},"excerpt":{"rendered":"<p>O treinador mo\u00e7ambicano Hip\u00f3lito Senete foi nomeado para liderar o Text\u00e1frica do Chimoio na partida decisiva contra o Costa do Sol, marcada para amanh\u00e3, no \u00e2mbito da 16.\u00aa jornada do Mo\u00e7ambola-2024. O t\u00e9cnico, que j\u00e1 teve v\u00e1rias passagens pelo clube, foi apresentado oficialmente aos jogadores durante um treino realizado esta manh\u00e3, em prepara\u00e7\u00e3o para o [&hellip;]<\/p>","protected":false},"author":3,"featured_media":71593,"comment_status":"open","ping_status":"open","sticky":false,"template":"","format":"standard","meta":{"footnotes":""},"categories":[93],"tags":[37],"class_list":["post-71592","post","type-post","status-publish","format-standard","has-post-thumbnail","hentry","category-mocambola-2024","tag-luis-macamo"],"jetpack_featured_media_url":"https:\/\/ihapari.com\/wp-content\/uploads\/2024\/09\/WhatsApp-Image-2024-09-13-at-12.57.02-PM.jpeg","_links":{"self":[{"href":"https:\/\/ihapari.com\/en\/wp-json\/wp\/v2\/posts\/71592","targetHints":{"allow":["GET"]}}],"collection":[{"href":"https:\/\/ihapari.com\/en\/wp-json\/wp\/v2\/posts"}],"about":[{"href":"https:\/\/ihapari.com\/en\/wp-json\/wp\/v2\/types\/post"}],"author":[{"embeddable":true,"href":"https:\/\/ihapari.com\/en\/wp-json\/wp\/v2\/users\/3"}],"replies":[{"embeddable":true,"href":"https:\/\/ihapari.com\/en\/wp-json\/wp\/v2\/comments?post=71592"}],"version-history":[{"count":1,"href":"https:\/\/ihapari.com\/en\/wp-json\/wp\/v2\/posts\/71592\/revisions"}],"predecessor-version":[{"id":71594,"href":"https:\/\/ihapari.com\/en\/wp-json\/wp\/v2\/posts\/71592\/revisions\/71594"}],"wp:featuredmedia":[{"embeddable":true,"href":"https:\/\/ihapari.com\/en\/wp-json\/wp\/v2\/media\/71593"}],"wp:attachment":[{"href":"https:\/\/ihapari.com\/en\/wp-json\/wp\/v2\/media?parent=71592"}],"wp:term":[{"taxonomy":"category","embeddable":true,"href":"https:\/\/ihapari.com\/en\/wp-json\/wp\/v2\/categories?post=71592"},{"taxonomy":"post_tag","embeddable":true,"href":"https:\/\/ihapari.com\/en\/wp-json\/wp\/v2\/tags?post=71592"}],"curies":[{"name":"wp","href":"https:\/\/api.w.org\/{rel}","templated":true}]}}