{"id":71497,"date":"2024-09-12T16:42:58","date_gmt":"2024-09-12T14:42:58","guid":{"rendered":"https:\/\/ihapari.com\/?p=71497"},"modified":"2024-09-12T16:42:58","modified_gmt":"2024-09-12T14:42:58","slug":"municipio-de-chimoio-compromete-se-a-saldar-dividas-do-textafrica-e-apoiar-o-clube-em-crise","status":"publish","type":"post","link":"https:\/\/ihapari.com\/en\/municipio-de-chimoio-compromete-se-a-saldar-dividas-do-textafrica-e-apoiar-o-clube-em-crise\/","title":{"rendered":"Munic\u00edpio de Chimoio Compromete-se a Saldar D\u00edvidas do Text\u00e1frica e Apoiar o Clube em Crise"},"content":{"rendered":"<div class=\"flex max-w-full flex-col flex-grow\">\n<div class=\"min-h-[20px] text-message flex w-full flex-col items-end gap-2 break-words [.text-message+&amp;]:mt-5 overflow-x-auto whitespace-normal\" dir=\"auto\" data-message-author-role=\"assistant\" data-message-id=\"b9327b6c-7856-4638-a026-b1261a5bce74\">\n<div class=\"flex w-full flex-col gap-1 empty:hidden first:pt-[3px]\">\n<div class=\"markdown prose w-full break-words dark:prose-invert dark\">\n<p>Em um encontro que reuniu o presidente do Munic\u00edpio de Chimoio, Jo\u00e3o Ferreira, a presid\u00eancia do Text\u00e1frica, a equipe t\u00e9cnica, os trabalhadores e os jogadores do Grupo Desportivo e Recreativo Text\u00e1frica, um compromisso importante foi assumido: o apoio para a quita\u00e7\u00e3o das d\u00edvidas do clube. Durante a reuni\u00e3o, v\u00e1rios temas foram discutidos, mas o destaque foi a prontid\u00e3o do edil de Chimoio, em parceria com empres\u00e1rios locais, para sanar as d\u00edvidas pendentes, incluindo o pagamento de sal\u00e1rios em atraso.<\/p>\n<p>Essa a\u00e7\u00e3o surge em um momento crucial para o Text\u00e1frica, que enfrenta s\u00e9rias dificuldades financeiras, o que tem prejudicado tanto o desempenho do clube dentro de campo quanto o bem-estar dos seus trabalhadores e jogadores. A iniciativa de Jo\u00e3o Ferreira visa proporcionar melhores condi\u00e7\u00f5es n\u00e3o s\u00f3 para o time, mas tamb\u00e9m para os mun\u00edcipes de Chimoio, que veem no Text\u00e1frica um s\u00edmbolo de orgulho local.<\/p>\n<p>O presidente destacou a import\u00e2ncia de unir esfor\u00e7os para revitalizar o clube, que tem enfrentado uma fase complicada, tanto no campo financeiro quanto no desportivo. &#8220;Vamos apoiar o Text\u00e1frica a superar todas as d\u00edvidas&#8221;, declarou Ferreira, sinalizando a sua determina\u00e7\u00e3o em colaborar com empres\u00e1rios da regi\u00e3o para garantir a sustentabilidade do time.<\/p>\n<p>Al\u00e9m de resolver quest\u00f5es financeiras, essa a\u00e7\u00e3o reflete um compromisso com a qualidade de vida da comunidade de Chimoio. O futebol, para muitos, \u00e9 mais do que um esporte \u2013 \u00e9 um elemento unificador que fortalece a identidade local. Ao apoiar o Text\u00e1frica, o munic\u00edpio busca n\u00e3o apenas resolver quest\u00f5es pr\u00e1ticas, mas tamb\u00e9m promover o orgulho e a uni\u00e3o entre os seus cidad\u00e3os.<\/p>\n<p>Com o apoio prometido, espera-se que o Text\u00e1frica consiga ultrapassar esta fase de dificuldades e retomar o seu lugar de destaque no panorama desportivo nacional.<\/p>\n<\/div>\n<\/div>\n<\/div>\n<\/div>\n<div class=\"mt-1 flex gap-3 empty:hidden -ml-2\">\n<div class=\"items-center justify-start rounded-xl p-1 flex\">\n<div class=\"flex items-center\"><button class=\"rounded-lg text-token-text-secondary hover:bg-token-main-surface-secondary\" aria-label=\"Copy\">\u00a0<\/button><\/div>\n<\/div>\n<\/div>","protected":false},"excerpt":{"rendered":"<p>Em um encontro que reuniu o presidente do Munic\u00edpio de Chimoio, Jo\u00e3o Ferreira, a presid\u00eancia do Text\u00e1frica, a equipe t\u00e9cnica, os trabalhadores e os jogadores do Grupo Desportivo e Recreativo Text\u00e1frica, um compromisso importante foi assumido: o apoio para a quita\u00e7\u00e3o das d\u00edvidas do clube. Durante a reuni\u00e3o, v\u00e1rios temas foram discutidos, mas o destaque [&hellip;]<\/p>","protected":false},"author":4,"featured_media":71498,"comment_status":"open","ping_status":"open","sticky":false,"template":"","format":"standard","meta":{"footnotes":""},"categories":[93],"tags":[37],"class_list":["post-71497","post","type-post","status-publish","format-standard","has-post-thumbnail","hentry","category-mocambola-2024","tag-luis-macamo"],"jetpack_featured_media_url":"https:\/\/ihapari.com\/wp-content\/uploads\/2024\/09\/459329019_825295406418756_1872701742490404375_n.jpg","_links":{"self":[{"href":"https:\/\/ihapari.com\/en\/wp-json\/wp\/v2\/posts\/71497","targetHints":{"allow":["GET"]}}],"collection":[{"href":"https:\/\/ihapari.com\/en\/wp-json\/wp\/v2\/posts"}],"about":[{"href":"https:\/\/ihapari.com\/en\/wp-json\/wp\/v2\/types\/post"}],"author":[{"embeddable":true,"href":"https:\/\/ihapari.com\/en\/wp-json\/wp\/v2\/users\/4"}],"replies":[{"embeddable":true,"href":"https:\/\/ihapari.com\/en\/wp-json\/wp\/v2\/comments?post=71497"}],"version-history":[{"count":1,"href":"https:\/\/ihapari.com\/en\/wp-json\/wp\/v2\/posts\/71497\/revisions"}],"predecessor-version":[{"id":71499,"href":"https:\/\/ihapari.com\/en\/wp-json\/wp\/v2\/posts\/71497\/revisions\/71499"}],"wp:featuredmedia":[{"embeddable":true,"href":"https:\/\/ihapari.com\/en\/wp-json\/wp\/v2\/media\/71498"}],"wp:attachment":[{"href":"https:\/\/ihapari.com\/en\/wp-json\/wp\/v2\/media?parent=71497"}],"wp:term":[{"taxonomy":"category","embeddable":true,"href":"https:\/\/ihapari.com\/en\/wp-json\/wp\/v2\/categories?post=71497"},{"taxonomy":"post_tag","embeddable":true,"href":"https:\/\/ihapari.com\/en\/wp-json\/wp\/v2\/tags?post=71497"}],"curies":[{"name":"wp","href":"https:\/\/api.w.org\/{rel}","templated":true}]}}