{"id":71310,"date":"2024-09-09T07:53:09","date_gmt":"2024-09-09T05:53:09","guid":{"rendered":"https:\/\/ihapari.com\/?p=71310"},"modified":"2024-09-27T00:53:41","modified_gmt":"2024-09-26T22:53:41","slug":"wezzu-filho-de-justino-ubakka-ja-comeca-a-gravar-musicas-ao-lado-do-pai","status":"publish","type":"post","link":"https:\/\/ihapari.com\/en\/wezzu-filho-de-justino-ubakka-ja-comeca-a-gravar-musicas-ao-lado-do-pai\/","title":{"rendered":"Wezzu, Justino Ubakka&#039;s son, is already recording songs alongside his father."},"content":{"rendered":"<p><img fetchpriority=\"high\" decoding=\"async\" class=\"aligncenter\" src=\"https:\/\/djekar.co.mz\/wp-content\/plugins\/phastpress\/phast.php\/c2VydmljZT1pbWFnZXMmc3JjPWh0dHBzJTNBJTJGJTJGZGpla2FyLm\/NvLm16JTJGd3AtY29udGVudCUyRnVwbG9hZHMlMkYyMDIzJTJGMDclMkZVYmFra2EtYXBhcmVjZS1lbS1tb21lbnRvLWZvZm8tYS1jYW50YXItYW8tbGFkby1kby1maWxoby1lLW8tcHVibGljby1lbmNhbnRhLXNlLTc2OHg1MTIucG5nJmNhY2hlTWFya2VyPTE3MTY5ODEwNDAtMzc5MzczJnRva2VuPTQwNmNkZjQ4ZjMwMWVjODE.q.png\" alt=\"Ubakka aparece em momento fofo a cantar ao lado do filho e o p\u00fablico  encanta-se \u2013 DJEKAR\" width=\"1040\" height=\"693\" \/><\/p>\n<p>Wezzu has performed on stage with his father, Justino Ubakka, many times, and now the singer has shared images of his son in the studio recording songs. The father-son partnership promises to bring new things to the Mozambican music scene.<\/p>\n<p><img decoding=\"async\" src=\"https:\/\/i0.wp.com\/mozentretenimento.co.mz\/wp-content\/uploads\/2024\/08\/TIo-Yado.jpg?fit=2048%2C1366&amp;ssl=1\" alt=\"Tio Yado realiza sonhos de Jovens em Lichinga - Moz Entretenimento\" \/><\/p>\n<p><strong>Uncle Yado records another successful show in Angola<\/strong><\/p>\n<p>Uncle Yado continues to expand his success in Angola. Last night, the Mozambican comedian had a packed house in Cabinda, where the audience was thrilled with his performance, cementing his position as one of the biggest names in comedy in the region.<\/p>\n<p><img decoding=\"async\" class=\"aligncenter\" src=\"https:\/\/mozavibe.co.mz\/wp-content\/uploads\/2023\/12\/Iveth-Mafundza.jpg\" alt=\"MozaVibe | IVETH\" \/><\/p>\n<p>&nbsp;<\/p>\n<p><strong>Iveth releases new song with Paulina Chiziane and Princesa Mimae<\/strong><\/p>\n<p>This morning, singer Iveth released her latest musical offering, featuring Paulina Chiziane and Princesa Mimae. The new track is accompanied by a music video, available on digital platforms.<\/p>\n<p><img decoding=\"async\" class=\"aligncenter\" src=\"https:\/\/i.ytimg.com\/vi\/JzwJrM18u0E\/hq720.jpg?sqp=-oaymwE7CK4FEIIDSFryq4qpAy0IARUAAAAAGAElAADIQj0AgKJD8AEB-AH-CYAC0AWKAgwIABABGGUgQShFMA8=&amp;rs=AOn4CLB6vWfWx1LzxOEO5QG6vmosB68eQQ\" alt=\"Boy Teddy &amp; Jay Kim - Samba - Al\u00f4 Portugal - SIC\" width=\"995\" height=\"560\" \/><\/p>\n<p><strong>Boy Teddy and Jay Kim bring the \u201cSamba\u201d sound to RTP Africa<\/strong><\/p>\n<p>Mozambican artists Boy Teddy and Jay Kim performed their new song &quot;Samba&quot; on RTP Africa. Given the warm welcome they received in Portugal, the two singers already consider the country their second home.<\/p>\n<p><img decoding=\"async\" class=\"aligncenter\" src=\"https:\/\/www.jornaldeangola.ao\/fotos\/frontend_1\/noticias\/gilmario_15108125396502f788ceffb.jpg\" alt=\"Jornal de Angola - Not\u00edcias - Gilm\u00e1rio Vemba \u00e9 o novo apresentador do  programa portugu\u00eas &quot;5 Para Meia Noite&quot;\" width=\"980\" height=\"561\" \/><\/p>\n<p><strong>Gilm\u00e1rio Vemba considers Mozambique his second home<\/strong><\/p>\n<p>In a recent interview with TV Zimbo, Angolan comedian Gilm\u00e1rio Vemba declared that he considers Mozambique his second home. He revealed that in 2025, he plans to tour every province in the country. Gilm\u00e1rio has already performed in cities such as Tete, Beira, Nampula, and Maputo and hopes to expand his performances next year.<\/p>\n<p><img loading=\"lazy\" decoding=\"async\" class=\"aligncenter\" src=\"https:\/\/i0.wp.com\/mozentretenimento.co.mz\/wp-content\/uploads\/2022\/03\/spercella_247084316_244503777725833_3141263494506706151_n.jpg?resize=660%2C330&amp;ssl=1\" alt=\"Percella atinge o seu primeiro milh\u00e3o de views com o v\u00eddeo &quot;Perder&quot; - Moz  Entretenimento\" width=\"1038\" height=\"519\" \/><\/p>\n<h3>Percella Suffers an Accident, But Comes Out Unhurt<\/h3>\n<p>Singer Percella had a scare yesterday, when she suffered a car accident while heading to the show <em>Mozambique in Concert<\/em>. In a video shared on social media, Percella explained that the accident occurred because the other driver was speeding and under the influence of alcohol. She took the opportunity to raise awareness about the dangers of drunk driving, highlighting the importance of road safety.<\/p>","protected":false},"excerpt":{"rendered":"<p>Wezzu has already performed on stage several times with his father, Justino Ubakka, and now the singer has shared images of his son in the studio recording music. The partnership between father and son promises to bring new things to the Mozambican music scene. Tio Yado records another successful show in Angola. Tio Yado continues to expand his reach [\u2026]<\/p>","protected":false},"author":3,"featured_media":71311,"comment_status":"open","ping_status":"open","sticky":false,"template":"","format":"standard","meta":{"footnotes":""},"categories":[29],"tags":[127],"class_list":["post-71310","post","type-post","status-publish","format-standard","has-post-thumbnail","hentry","category-cultura","tag-luis-resumos"],"jetpack_featured_media_url":"https:\/\/ihapari.com\/wp-content\/uploads\/2024\/09\/WhatsApp-Image-2024-09-09-at-06.54.35_6cc75561.jpg","_links":{"self":[{"href":"https:\/\/ihapari.com\/en\/wp-json\/wp\/v2\/posts\/71310","targetHints":{"allow":["GET"]}}],"collection":[{"href":"https:\/\/ihapari.com\/en\/wp-json\/wp\/v2\/posts"}],"about":[{"href":"https:\/\/ihapari.com\/en\/wp-json\/wp\/v2\/types\/post"}],"author":[{"embeddable":true,"href":"https:\/\/ihapari.com\/en\/wp-json\/wp\/v2\/users\/3"}],"replies":[{"embeddable":true,"href":"https:\/\/ihapari.com\/en\/wp-json\/wp\/v2\/comments?post=71310"}],"version-history":[{"count":4,"href":"https:\/\/ihapari.com\/en\/wp-json\/wp\/v2\/posts\/71310\/revisions"}],"predecessor-version":[{"id":71315,"href":"https:\/\/ihapari.com\/en\/wp-json\/wp\/v2\/posts\/71310\/revisions\/71315"}],"wp:featuredmedia":[{"embeddable":true,"href":"https:\/\/ihapari.com\/en\/wp-json\/wp\/v2\/media\/71311"}],"wp:attachment":[{"href":"https:\/\/ihapari.com\/en\/wp-json\/wp\/v2\/media?parent=71310"}],"wp:term":[{"taxonomy":"category","embeddable":true,"href":"https:\/\/ihapari.com\/en\/wp-json\/wp\/v2\/categories?post=71310"},{"taxonomy":"post_tag","embeddable":true,"href":"https:\/\/ihapari.com\/en\/wp-json\/wp\/v2\/tags?post=71310"}],"curies":[{"name":"wp","href":"https:\/\/api.w.org\/{rel}","templated":true}]}}