{"id":70627,"date":"2024-08-23T16:36:07","date_gmt":"2024-08-23T14:36:07","guid":{"rendered":"https:\/\/ihapari.com\/?p=70627"},"modified":"2024-08-23T16:36:07","modified_gmt":"2024-08-23T14:36:07","slug":"liloca-participa-do-lancamento-da-iniciativa-o-poder-da-suplementacao-a-base-do-espinheiro-martinho-de-preta-negra","status":"publish","type":"post","link":"https:\/\/ihapari.com\/en\/liloca-participa-do-lancamento-da-iniciativa-o-poder-da-suplementacao-a-base-do-espinheiro-martinho-de-preta-negra\/","title":{"rendered":"Liloca Participa do Lan\u00e7amento da Iniciativa &#8220;O Poder da Suplementa\u00e7\u00e3o \u00e0 Base do Espinheiro Martinho&#8221; de Preta Negra"},"content":{"rendered":"<p>A cantora mo\u00e7ambicana Liloca foi uma das destacadas participantes do lan\u00e7amento da iniciativa &#8220;O Poder da Suplementa\u00e7\u00e3o \u00e0 Base do Espinheiro Martinho,&#8221; promovida pela tamb\u00e9m cantora e empres\u00e1ria Marllen, conhecida no mundo art\u00edstico como Petra Negra. O evento aconteceu na cidade de Maputo e reuniu diversas mulheres.<\/p>\n<p>Durante a cerim\u00f4nia, que contou com a presen\u00e7a de v\u00e1rias figuras p\u00fablicas, Liloca compartilhou sua experi\u00eancia pessoal, destacando a import\u00e2ncia de uma boa alimenta\u00e7\u00e3o e a pr\u00e1tica de exerc\u00edcios f\u00edsicos di\u00e1rios. Ela ressaltou como a suplementa\u00e7\u00e3o natural pode complementar um estilo de vida saud\u00e1vel, algo que ela mesma tem incorporado em sua rotina.<\/p>\n<p>&#8220;A alimenta\u00e7\u00e3o balanceada, aliada ao treino di\u00e1rio, tem sido fundamental para o meu bem-estar e desempenho. Iniciativas como essa s\u00e3o importantes para inspirar mais pessoas a cuidar da sua sa\u00fade de maneira natural e eficaz,&#8221; afirmou Liloca, refor\u00e7ando a import\u00e2ncia de cuidar do corpo e da mente.<\/p>\n<p>A iniciativa de Preta Negra visa promover o uso do Espinheiro Martinho, uma planta conhecida por suas propriedades ben\u00e9ficas, como parte de uma suplementa\u00e7\u00e3o natural para melhorar a sa\u00fade e a qualidade de vida. O evento serviu como uma plataforma para compartilhar conhecimentos e experi\u00eancias, encorajando outras mulheres a adotar h\u00e1bitos mais saud\u00e1veis.<\/p>\n<p>O lan\u00e7amento foi bem recebido pelo p\u00fablico presente, e a participa\u00e7\u00e3o de Liloca adicionou ainda mais credibilidade \u00e0 iniciativa, mostrando que cuidar da sa\u00fade e do corpo \u00e9 um compromisso que pode ser compartilhado por todas as mulheres.<\/p>","protected":false},"excerpt":{"rendered":"<p>A cantora mo\u00e7ambicana Liloca foi uma das destacadas participantes do lan\u00e7amento da iniciativa &#8220;O Poder da Suplementa\u00e7\u00e3o \u00e0 Base do Espinheiro Martinho,&#8221; promovida pela tamb\u00e9m cantora e empres\u00e1ria Marllen, conhecida no mundo art\u00edstico como Petra Negra. O evento aconteceu na cidade de Maputo e reuniu diversas mulheres. Durante a cerim\u00f4nia, que contou com a presen\u00e7a [&hellip;]<\/p>","protected":false},"author":3,"featured_media":70628,"comment_status":"open","ping_status":"open","sticky":false,"template":"","format":"standard","meta":{"footnotes":""},"categories":[29],"tags":[37],"class_list":["post-70627","post","type-post","status-publish","format-standard","has-post-thumbnail","hentry","category-cultura","tag-luis-macamo"],"jetpack_featured_media_url":"https:\/\/ihapari.com\/wp-content\/uploads\/2024\/08\/WhatsApp-Image-2024-08-23-at-16.32.04_38d578af.jpg","_links":{"self":[{"href":"https:\/\/ihapari.com\/en\/wp-json\/wp\/v2\/posts\/70627","targetHints":{"allow":["GET"]}}],"collection":[{"href":"https:\/\/ihapari.com\/en\/wp-json\/wp\/v2\/posts"}],"about":[{"href":"https:\/\/ihapari.com\/en\/wp-json\/wp\/v2\/types\/post"}],"author":[{"embeddable":true,"href":"https:\/\/ihapari.com\/en\/wp-json\/wp\/v2\/users\/3"}],"replies":[{"embeddable":true,"href":"https:\/\/ihapari.com\/en\/wp-json\/wp\/v2\/comments?post=70627"}],"version-history":[{"count":1,"href":"https:\/\/ihapari.com\/en\/wp-json\/wp\/v2\/posts\/70627\/revisions"}],"predecessor-version":[{"id":70629,"href":"https:\/\/ihapari.com\/en\/wp-json\/wp\/v2\/posts\/70627\/revisions\/70629"}],"wp:featuredmedia":[{"embeddable":true,"href":"https:\/\/ihapari.com\/en\/wp-json\/wp\/v2\/media\/70628"}],"wp:attachment":[{"href":"https:\/\/ihapari.com\/en\/wp-json\/wp\/v2\/media?parent=70627"}],"wp:term":[{"taxonomy":"category","embeddable":true,"href":"https:\/\/ihapari.com\/en\/wp-json\/wp\/v2\/categories?post=70627"},{"taxonomy":"post_tag","embeddable":true,"href":"https:\/\/ihapari.com\/en\/wp-json\/wp\/v2\/tags?post=70627"}],"curies":[{"name":"wp","href":"https:\/\/api.w.org\/{rel}","templated":true}]}}