{"id":70451,"date":"2024-08-20T13:43:45","date_gmt":"2024-08-20T11:43:45","guid":{"rendered":"https:\/\/ihapari.com\/?p=70451"},"modified":"2024-08-20T13:43:45","modified_gmt":"2024-08-20T11:43:45","slug":"o-conselho-municipal-da-beira-homenageia-hoje-o-selecionador-chiquinho-conde","status":"publish","type":"post","link":"https:\/\/ihapari.com\/en\/o-conselho-municipal-da-beira-homenageia-hoje-o-selecionador-chiquinho-conde\/","title":{"rendered":"O conselho municipal da Beira homenageia hoje o selecionador Chiquinho Conde"},"content":{"rendered":"<p>Hoje, o Conselho Municipal da Beira prestou uma homenagem ao selecionador nacional dos Mambas, Chiquinho Conde, com uma cerim\u00f4nia especial que destacou seu trabalho e contribui\u00e7\u00f5es ao futebol mo\u00e7ambicano. A cerim\u00f4nia contou com a entrega de um trof\u00e9u e um cheque no valor de 75 mil meticais em reconhecimento ao seu papel fundamental na equipe nacional.<\/p>\n<p>O evento foi marcado por express\u00f5es de gratid\u00e3o e reconhecimento pelo empenho e dedica\u00e7\u00e3o de Chiquinho Conde, que tem sido uma figura central no desenvolvimento e sucesso da sele\u00e7\u00e3o nacional. A homenagem tamb\u00e9m ressaltou o apoio cont\u00ednuo do Conselho Municipal da Beira ao esporte e \u00e0 promo\u00e7\u00e3o do talento local.<\/p>\n<p>O Presidente do Conselho Municipal da Beira, Albano Carige, foi elogiado por sua lideran\u00e7a e apoio \u00e0s iniciativas esportivas que contribuem para o crescimento do futebol em Mo\u00e7ambique. O reconhecimento a Chiquinho Conde reflete o compromisso da cidade com a valoriza\u00e7\u00e3o dos profissionais que elevam o nome do pa\u00eds no cen\u00e1rio esportivo.<\/p>\n<p>Esta cerim\u00f4nia n\u00e3o apenas celebra as conquistas individuais de Chiquinho Conde, mas tamb\u00e9m destaca a import\u00e2ncia do apoio institucional ao esporte, promovendo o desenvolvimento e o entusiasmo em torno do futebol\u00a0nacional.<\/p>","protected":false},"excerpt":{"rendered":"<p>Hoje, o Conselho Municipal da Beira prestou uma homenagem ao selecionador nacional dos Mambas, Chiquinho Conde, com uma cerim\u00f4nia especial que destacou seu trabalho e contribui\u00e7\u00f5es ao futebol mo\u00e7ambicano. A cerim\u00f4nia contou com a entrega de um trof\u00e9u e um cheque no valor de 75 mil meticais em reconhecimento ao seu papel fundamental na equipe [&hellip;]<\/p>","protected":false},"author":4,"featured_media":70452,"comment_status":"open","ping_status":"open","sticky":false,"template":"","format":"standard","meta":{"footnotes":""},"categories":[29],"tags":[126],"class_list":["post-70451","post","type-post","status-publish","format-standard","has-post-thumbnail","hentry","category-cultura","tag-jose-artur-chirindza"],"jetpack_featured_media_url":"https:\/\/ihapari.com\/wp-content\/uploads\/2024\/08\/WhatsApp-Image-2024-08-20-at-13.40.44_641a82f3.jpg","_links":{"self":[{"href":"https:\/\/ihapari.com\/en\/wp-json\/wp\/v2\/posts\/70451","targetHints":{"allow":["GET"]}}],"collection":[{"href":"https:\/\/ihapari.com\/en\/wp-json\/wp\/v2\/posts"}],"about":[{"href":"https:\/\/ihapari.com\/en\/wp-json\/wp\/v2\/types\/post"}],"author":[{"embeddable":true,"href":"https:\/\/ihapari.com\/en\/wp-json\/wp\/v2\/users\/4"}],"replies":[{"embeddable":true,"href":"https:\/\/ihapari.com\/en\/wp-json\/wp\/v2\/comments?post=70451"}],"version-history":[{"count":1,"href":"https:\/\/ihapari.com\/en\/wp-json\/wp\/v2\/posts\/70451\/revisions"}],"predecessor-version":[{"id":70453,"href":"https:\/\/ihapari.com\/en\/wp-json\/wp\/v2\/posts\/70451\/revisions\/70453"}],"wp:featuredmedia":[{"embeddable":true,"href":"https:\/\/ihapari.com\/en\/wp-json\/wp\/v2\/media\/70452"}],"wp:attachment":[{"href":"https:\/\/ihapari.com\/en\/wp-json\/wp\/v2\/media?parent=70451"}],"wp:term":[{"taxonomy":"category","embeddable":true,"href":"https:\/\/ihapari.com\/en\/wp-json\/wp\/v2\/categories?post=70451"},{"taxonomy":"post_tag","embeddable":true,"href":"https:\/\/ihapari.com\/en\/wp-json\/wp\/v2\/tags?post=70451"}],"curies":[{"name":"wp","href":"https:\/\/api.w.org\/{rel}","templated":true}]}}