{"id":70418,"date":"2024-08-19T21:36:39","date_gmt":"2024-08-19T19:36:39","guid":{"rendered":"https:\/\/ihapari.com\/?p=70418"},"modified":"2024-08-19T21:36:39","modified_gmt":"2024-08-19T19:36:39","slug":"bander-une-trabalho-e-lazer-com-seus-filhos-no-inicio-das-ferias-escolares","status":"publish","type":"post","link":"https:\/\/ihapari.com\/en\/bander-une-trabalho-e-lazer-com-seus-filhos-no-inicio-das-ferias-escolares\/","title":{"rendered":"Bander Une Work and Leisure with Your Children at the Beginning of the School Holidays"},"content":{"rendered":"<p>O rapper mo\u00e7ambicano Bander aproveitou o primeiro dia das f\u00e9rias escolares de seus filhos para combinar atividades profissionais e lazer. No in\u00edcio do dia, Bander levou os dois filhos \u00e0 ag\u00eancia Golo, onde participou de compromissos de trabalho. Durante a visita, as crian\u00e7as tiveram a oportunidade de conhecer v\u00e1rios artistas da m\u00fasica mo\u00e7ambicana, incluindo Nuno Abdul, Valdimiro Jos\u00e9, Classic Nova, Killua, Sizer Boss, Abuchamo, Mabermuda e Cleyton da Drena.<\/p>\n<p>Ap\u00f3s a parte profissional do dia, Bander levou seus filhos para um passeio, marcando o in\u00edcio das f\u00e9rias de uma maneira descontra\u00edda. O rapper compartilhou essas atividades nas redes sociais, mostrando como integrou o trabalho com momentos de lazer em fam\u00edlia.<\/p>\n<p>Essa abordagem demonstra como \u00e9 poss\u00edvel conciliar compromissos profissionais com a conviv\u00eancia familiar, oferecendo uma vis\u00e3o pr\u00e1tica de como gerenciar o equil\u00edbrio entre a vida laboral e a vida pessoal.<\/p>","protected":false},"excerpt":{"rendered":"<p>Mozambican rapper Bander took advantage of his children&#039;s first day of school holidays to combine professional activities and leisure. Early in the day, Bander took his two children to the Golo agency, where he attended work engagements. During the visit, the children had the opportunity to meet several Mozambican music artists, including Nuno [\u2026]<\/p>","protected":false},"author":3,"featured_media":70419,"comment_status":"open","ping_status":"open","sticky":false,"template":"","format":"standard","meta":{"footnotes":""},"categories":[84],"tags":[37],"class_list":["post-70418","post","type-post","status-publish","format-standard","has-post-thumbnail","hentry","category-internacional","tag-luis-macamo"],"jetpack_featured_media_url":"https:\/\/ihapari.com\/wp-content\/uploads\/2024\/08\/IMG-20240819-WA0274.jpg","_links":{"self":[{"href":"https:\/\/ihapari.com\/en\/wp-json\/wp\/v2\/posts\/70418","targetHints":{"allow":["GET"]}}],"collection":[{"href":"https:\/\/ihapari.com\/en\/wp-json\/wp\/v2\/posts"}],"about":[{"href":"https:\/\/ihapari.com\/en\/wp-json\/wp\/v2\/types\/post"}],"author":[{"embeddable":true,"href":"https:\/\/ihapari.com\/en\/wp-json\/wp\/v2\/users\/3"}],"replies":[{"embeddable":true,"href":"https:\/\/ihapari.com\/en\/wp-json\/wp\/v2\/comments?post=70418"}],"version-history":[{"count":1,"href":"https:\/\/ihapari.com\/en\/wp-json\/wp\/v2\/posts\/70418\/revisions"}],"predecessor-version":[{"id":70420,"href":"https:\/\/ihapari.com\/en\/wp-json\/wp\/v2\/posts\/70418\/revisions\/70420"}],"wp:featuredmedia":[{"embeddable":true,"href":"https:\/\/ihapari.com\/en\/wp-json\/wp\/v2\/media\/70419"}],"wp:attachment":[{"href":"https:\/\/ihapari.com\/en\/wp-json\/wp\/v2\/media?parent=70418"}],"wp:term":[{"taxonomy":"category","embeddable":true,"href":"https:\/\/ihapari.com\/en\/wp-json\/wp\/v2\/categories?post=70418"},{"taxonomy":"post_tag","embeddable":true,"href":"https:\/\/ihapari.com\/en\/wp-json\/wp\/v2\/tags?post=70418"}],"curies":[{"name":"wp","href":"https:\/\/api.w.org\/{rel}","templated":true}]}}