{"id":70026,"date":"2024-08-09T19:00:53","date_gmt":"2024-08-09T17:00:53","guid":{"rendered":"https:\/\/ihapari.com\/?p=70026"},"modified":"2024-08-09T19:00:53","modified_gmt":"2024-08-09T17:00:53","slug":"falencia-do-kv-oostende-deixa-alfons-amadeu-sem-clube","status":"publish","type":"post","link":"https:\/\/ihapari.com\/en\/falencia-do-kv-oostende-deixa-alfons-amadeu-sem-clube\/","title":{"rendered":"KV Oostende Bankruptcy Leaves Alfons Amadeu Without a Club"},"content":{"rendered":"<p>The recent bankruptcy of KV Oostende, a Belgian Second Division club, had a significant impact on the European football scene, directly affecting young Mozambican midfielder Alfons Amadeu. At 25, Amadeu is now seeking new opportunities following his club&#039;s financial collapse.<\/p>\n<h3>Trajectory of Alfons Amadeu<\/h3>\n<p>Alfons Amadeu began his football career at TSG Hoffenheim in Germany, where he had the opportunity to develop through the youth ranks. Hoffenheim, known for its ability to nurture young talent, was the setting where Amadeu honed his skills and emerged as a promising midfielder.<\/p>\n<p>In 2022, Amadeu took a significant step forward in his career when he transferred to KV Oostende. Since his arrival, the young Mozambican has quickly established himself as one of the team&#039;s key midfielders. His technical performance and remarkable vision have been key elements for Oostende, especially during the last season, when the club was fighting to avoid relegation to the third division.<\/p>\n<h3>The Bankruptcy of KV Oostende<\/h3>\n<p>Despite efforts to stabilize its financial situation, KV Oostende was unable to overcome the economic challenges it faced. The growing financial crisis became unsustainable, resulting in the club&#039;s bankruptcy, as decreed by the Belgian Court of Auditors. This decision not only surprised fans but also left players like Alfons Amadeu in a state of uncertainty.<\/p>\n<h3>The Future of Alfons Amadeu<\/h3>\n<p>With KV Oostende&#039;s bankruptcy, Alfons Amadeu finds himself a free agent and available for new challenges. The European transfer market remains open until August 30th, offering Amadeu the opportunity to find a new team. With a blossoming career and consistent performances in his two seasons with Oostende, he presents himself as an attractive option for clubs seeking to strengthen their squads.<\/p>","protected":false},"excerpt":{"rendered":"<p>A recente fal\u00eancia do KV Oostende, clube da II Liga belga, gerou um impacto significativo no cen\u00e1rio do futebol europeu, afetando diretamente o jovem m\u00e9dio mo\u00e7ambicano Alfons Amadeu. Aos 25 anos, Amadeu encontra-se agora em busca de novas oportunidades ap\u00f3s o colapso financeiro de seu clube. Trajet\u00f3ria de Alfons Amadeu Alfons Amadeu iniciou sua jornada [&hellip;]<\/p>","protected":false},"author":4,"featured_media":70027,"comment_status":"open","ping_status":"open","sticky":false,"template":"","format":"standard","meta":{"footnotes":""},"categories":[84],"tags":[126],"class_list":["post-70026","post","type-post","status-publish","format-standard","has-post-thumbnail","hentry","category-internacional","tag-jose-artur-chirindza"],"jetpack_featured_media_url":"https:\/\/ihapari.com\/wp-content\/uploads\/2024\/08\/WhatsApp-Image-2024-08-09-at-12.15.26_d6493798.jpg","_links":{"self":[{"href":"https:\/\/ihapari.com\/en\/wp-json\/wp\/v2\/posts\/70026","targetHints":{"allow":["GET"]}}],"collection":[{"href":"https:\/\/ihapari.com\/en\/wp-json\/wp\/v2\/posts"}],"about":[{"href":"https:\/\/ihapari.com\/en\/wp-json\/wp\/v2\/types\/post"}],"author":[{"embeddable":true,"href":"https:\/\/ihapari.com\/en\/wp-json\/wp\/v2\/users\/4"}],"replies":[{"embeddable":true,"href":"https:\/\/ihapari.com\/en\/wp-json\/wp\/v2\/comments?post=70026"}],"version-history":[{"count":1,"href":"https:\/\/ihapari.com\/en\/wp-json\/wp\/v2\/posts\/70026\/revisions"}],"predecessor-version":[{"id":70028,"href":"https:\/\/ihapari.com\/en\/wp-json\/wp\/v2\/posts\/70026\/revisions\/70028"}],"wp:featuredmedia":[{"embeddable":true,"href":"https:\/\/ihapari.com\/en\/wp-json\/wp\/v2\/media\/70027"}],"wp:attachment":[{"href":"https:\/\/ihapari.com\/en\/wp-json\/wp\/v2\/media?parent=70026"}],"wp:term":[{"taxonomy":"category","embeddable":true,"href":"https:\/\/ihapari.com\/en\/wp-json\/wp\/v2\/categories?post=70026"},{"taxonomy":"post_tag","embeddable":true,"href":"https:\/\/ihapari.com\/en\/wp-json\/wp\/v2\/tags?post=70026"}],"curies":[{"name":"wp","href":"https:\/\/api.w.org\/{rel}","templated":true}]}}