{"id":69743,"date":"2024-08-05T13:05:27","date_gmt":"2024-08-05T11:05:27","guid":{"rendered":"https:\/\/ihapari.com\/?p=69743"},"modified":"2024-08-05T13:05:27","modified_gmt":"2024-08-05T11:05:27","slug":"sporting-de-geny-catamo-volta-a-acao-na-epoca-2024-2025-primeiro-desafio-contra-o-rio-ave","status":"publish","type":"post","link":"https:\/\/ihapari.com\/en\/sporting-de-geny-catamo-volta-a-acao-na-epoca-2024-2025-primeiro-desafio-contra-o-rio-ave\/","title":{"rendered":"Sporting de Geny Catamo Volta \u00e0 A\u00e7\u00e3o na \u00c9poca 2024\/2025: Primeiro Desafio Contra o Rio Ave"},"content":{"rendered":"<div class=\"flex flex-grow flex-col max-w-full\">\n<div class=\"min-h-[20px] text-message flex w-full flex-col items-end gap-2 whitespace-pre-wrap break-words [.text-message+&amp;]:mt-5 overflow-x-auto\" dir=\"auto\" data-message-author-role=\"assistant\" data-message-id=\"23bb65b7-fad1-4962-80d5-13d5f58c8f12\">\n<div class=\"flex w-full flex-col gap-1 empty:hidden first:pt-[3px]\">\n<div class=\"markdown prose w-full break-words dark:prose-invert dark\">\n<p>Ap\u00f3s a amarga derrota na Superta\u00e7a, o Sporting CP est\u00e1 se preparando para come\u00e7ar sua jornada na \u00e9poca 2024\/2025. A equipe, que conta com o internacional mo\u00e7ambicano Geny Catamo, volta ao campo nesta sexta-feira para enfrentar o Rio Ave, em um confronto que marca o in\u00edcio oficial da temporada. O jogo est\u00e1 agendado para as 21h15 e promete ser um desafio importante para os Le\u00f5es, que visam revalidar o t\u00edtulo nesta nova campanha.<\/p>\n<p><strong>Rein\u00edcio ap\u00f3s a Superta\u00e7a<\/strong><\/p>\n<p>O Sporting, que sofreu uma derrota frente ao FC Porto na Superta\u00e7a, busca recuperar-se rapidamente e come\u00e7ar a \u00e9poca com o p\u00e9 direito. A equipe tem treinado intensamente, ajustando estrat\u00e9gias e preparando-se para o embate contra o Rio Ave. A perda na Superta\u00e7a foi um rev\u00e9s, mas os Le\u00f5es est\u00e3o determinados a mostrar sua for\u00e7a e buscar os tr\u00eas pontos na estreia da Liga.<\/p>\n<p><strong>Preparations and Expectations<\/strong><\/p>\n<p>Os treinos do Sporting t\u00eam sido focados e intensos, com o objetivo de corrigir erros e melhorar o desempenho da equipe. Geny Catamo, que tem sido uma pe\u00e7a-chave no meio-campo, ser\u00e1 fundamental na tentativa do Sporting de alcan\u00e7ar seus objetivos na nova temporada. A determina\u00e7\u00e3o da equipe em revalidar o t\u00edtulo \u00e9 evidente, e todos os jogadores est\u00e3o empenhados em oferecer o melhor desempenho poss\u00edvel.<\/p>\n<p><strong>Desafio Contra o Rio Ave<\/strong><\/p>\n<p>O Rio Ave ser\u00e1 o advers\u00e1rio do Sporting na primeira jornada da temporada, e o jogo promete ser um teste significativo para os Le\u00f5es. A equipe do Rio Ave \u00e9 conhecida por sua competitividade e pode apresentar dificuldades para o Sporting, exigindo uma atua\u00e7\u00e3o s\u00f3lida e bem coordenada. O in\u00edcio da \u00e9poca \u00e9 sempre crucial, e o Sporting precisa garantir uma vit\u00f3ria para come\u00e7ar a campanha com confian\u00e7a.<\/p>\n<p>O Sporting CP, liderado por Geny Catamo, est\u00e1 prestes a iniciar a \u00e9poca 2024\/2025 com um jogo contra o Rio Ave que promete ser empolgante. Ap\u00f3s a derrota na Superta\u00e7a, a equipe est\u00e1 pronta para se reerguer e focar na busca pelo t\u00edtulo. Com preparativos meticulosos e uma forte vontade de sucesso, o Sporting est\u00e1 determinado a fazer valer sua presen\u00e7a no campeonato e a come\u00e7ar a temporada da melhor forma poss\u00edvel. O jogo desta sexta-feira \u00e0s 21h15 ser\u00e1 o primeiro passo para alcan\u00e7ar esse objetivo.<\/p>\n<\/div>\n<\/div>\n<\/div>\n<\/div>\n<div class=\"mt-1 flex gap-3 empty:hidden -ml-2\">\n<div class=\"items-center justify-start rounded-xl p-1 flex\">\n<div class=\"flex items-center\"><button class=\"rounded-lg text-token-text-secondary hover:bg-token-main-surface-secondary\">\u00a0<\/button><\/div>\n<\/div>\n<\/div>","protected":false},"excerpt":{"rendered":"<p>Ap\u00f3s a amarga derrota na Superta\u00e7a, o Sporting CP est\u00e1 se preparando para come\u00e7ar sua jornada na \u00e9poca 2024\/2025. A equipe, que conta com o internacional mo\u00e7ambicano Geny Catamo, volta ao campo nesta sexta-feira para enfrentar o Rio Ave, em um confronto que marca o in\u00edcio oficial da temporada. O jogo est\u00e1 agendado para as [&hellip;]<\/p>","protected":false},"author":4,"featured_media":69744,"comment_status":"open","ping_status":"open","sticky":false,"template":"","format":"standard","meta":{"footnotes":""},"categories":[84],"tags":[37],"class_list":["post-69743","post","type-post","status-publish","format-standard","has-post-thumbnail","hentry","category-internacional","tag-luis-macamo"],"jetpack_featured_media_url":"https:\/\/ihapari.com\/wp-content\/uploads\/2024\/08\/452412361_1035669597925059_2696850095029894028_n-1.jpg","_links":{"self":[{"href":"https:\/\/ihapari.com\/en\/wp-json\/wp\/v2\/posts\/69743","targetHints":{"allow":["GET"]}}],"collection":[{"href":"https:\/\/ihapari.com\/en\/wp-json\/wp\/v2\/posts"}],"about":[{"href":"https:\/\/ihapari.com\/en\/wp-json\/wp\/v2\/types\/post"}],"author":[{"embeddable":true,"href":"https:\/\/ihapari.com\/en\/wp-json\/wp\/v2\/users\/4"}],"replies":[{"embeddable":true,"href":"https:\/\/ihapari.com\/en\/wp-json\/wp\/v2\/comments?post=69743"}],"version-history":[{"count":1,"href":"https:\/\/ihapari.com\/en\/wp-json\/wp\/v2\/posts\/69743\/revisions"}],"predecessor-version":[{"id":69745,"href":"https:\/\/ihapari.com\/en\/wp-json\/wp\/v2\/posts\/69743\/revisions\/69745"}],"wp:featuredmedia":[{"embeddable":true,"href":"https:\/\/ihapari.com\/en\/wp-json\/wp\/v2\/media\/69744"}],"wp:attachment":[{"href":"https:\/\/ihapari.com\/en\/wp-json\/wp\/v2\/media?parent=69743"}],"wp:term":[{"taxonomy":"category","embeddable":true,"href":"https:\/\/ihapari.com\/en\/wp-json\/wp\/v2\/categories?post=69743"},{"taxonomy":"post_tag","embeddable":true,"href":"https:\/\/ihapari.com\/en\/wp-json\/wp\/v2\/tags?post=69743"}],"curies":[{"name":"wp","href":"https:\/\/api.w.org\/{rel}","templated":true}]}}