{"id":69656,"date":"2024-08-02T17:05:13","date_gmt":"2024-08-02T15:05:13","guid":{"rendered":"https:\/\/ihapari.com\/?p=69656"},"modified":"2024-08-02T17:05:13","modified_gmt":"2024-08-02T15:05:13","slug":"mocambique-participa-no-world-triathlon-development-regional-cup-kilifi-no-quenia","status":"publish","type":"post","link":"https:\/\/ihapari.com\/en\/mocambique-participa-no-world-triathlon-development-regional-cup-kilifi-no-quenia\/","title":{"rendered":"Mo\u00e7ambique Participa no World Triathlon Development Regional Cup Kilifi no Qu\u00e9nia"},"content":{"rendered":"<div class=\"flex flex-grow flex-col max-w-full\">\n<div class=\"min-h-[20px] text-message flex w-full flex-col items-end gap-2 whitespace-pre-wrap break-words [.text-message+&amp;]:mt-5 overflow-x-auto\" dir=\"auto\" data-message-author-role=\"assistant\" data-message-id=\"e7ab37d8-13bc-44ef-8e13-48d6a9d24a86\">\n<div class=\"flex w-full flex-col gap-1 empty:hidden first:pt-[3px]\">\n<div class=\"markdown prose w-full break-words dark:prose-invert dark\">\n<p>Mo\u00e7ambique marcar\u00e1 presen\u00e7a no World Triathlon Development Regional Cup Kilifi, que acontece de 3 a 4 de agosto, em Qu\u00e9nia. A delega\u00e7\u00e3o mo\u00e7ambicana \u00e9 composta por tr\u00eas atletas de triatlo e um treinador, todos estreantes em competi\u00e7\u00f5es internacionais da modalidade.<\/p>\n<p>Os atletas Tanya Bravo, Iane Mosca e Armando Estev\u00e3o representar\u00e3o Mo\u00e7ambique nas provas de Triatlo Sprint. Tanya Bravo competir\u00e1 na categoria feminina, enquanto Armando Estev\u00e3o e Iane Mosca disputar\u00e3o as categorias masculinas. Al\u00e9m disso, a delega\u00e7\u00e3o tamb\u00e9m participar\u00e1 na prova de estafeta 2&#215;2 misto.<\/p>\n<p>A delega\u00e7\u00e3o, liderada pelo treinador Aristides Gumende, partiu de Mo\u00e7ambique na quarta-feira para se juntar aos cerca de 40 atletas de seis pa\u00edses que estar\u00e3o competindo no evento. O World Triathlon Development Regional Cup Kilifi \u00e9 uma importante plataforma para a promo\u00e7\u00e3o e desenvolvimento do triatlo na regi\u00e3o, reunindo atletas de diferentes na\u00e7\u00f5es para uma competi\u00e7\u00e3o intensa e emocionante.<\/p>\n<p>Esta \u00e9 uma oportunidade significativa para os atletas mo\u00e7ambicanos mostrarem suas habilidades em um cen\u00e1rio internacional e adquirirem experi\u00eancia valiosa em competi\u00e7\u00f5es de alto n\u00edvel. A participa\u00e7\u00e3o em eventos como este \u00e9 crucial para o crescimento e desenvolvimento do triatlo em Mo\u00e7ambique, permitindo aos atletas locais competir contra alguns dos melhores do mundo e aprimorar suas habilidades.<\/p>\n<p>O apoio cont\u00ednuo ao triatlo em Mo\u00e7ambique e a participa\u00e7\u00e3o em competi\u00e7\u00f5es internacionais s\u00e3o passos importantes para elevar o perfil do esporte no pa\u00eds e inspirar futuras gera\u00e7\u00f5es de atletas. Mo\u00e7ambique est\u00e1 pronto para mostrar seu potencial e se destacar nas provas de triatlo em Kilifi.<\/p>\n<\/div>\n<\/div>\n<\/div>\n<\/div>\n<div class=\"mt-1 flex gap-3 empty:hidden -ml-2\">\n<div class=\"items-center justify-start rounded-xl p-1 flex\">\n<div class=\"flex items-center\"><button class=\"rounded-lg text-token-text-secondary hover:bg-token-main-surface-secondary\">\u00a0<\/button><\/div>\n<\/div>\n<\/div>","protected":false},"excerpt":{"rendered":"<p>Mo\u00e7ambique marcar\u00e1 presen\u00e7a no World Triathlon Development Regional Cup Kilifi, que acontece de 3 a 4 de agosto, em Qu\u00e9nia. A delega\u00e7\u00e3o mo\u00e7ambicana \u00e9 composta por tr\u00eas atletas de triatlo e um treinador, todos estreantes em competi\u00e7\u00f5es internacionais da modalidade. Os atletas Tanya Bravo, Iane Mosca e Armando Estev\u00e3o representar\u00e3o Mo\u00e7ambique nas provas de Triatlo [&hellip;]<\/p>","protected":false},"author":4,"featured_media":69657,"comment_status":"open","ping_status":"open","sticky":false,"template":"","format":"standard","meta":{"footnotes":""},"categories":[84],"tags":[37],"class_list":["post-69656","post","type-post","status-publish","format-standard","has-post-thumbnail","hentry","category-internacional","tag-luis-macamo"],"jetpack_featured_media_url":"https:\/\/ihapari.com\/wp-content\/uploads\/2024\/08\/453384454_514577624442483_896743187725116830_n.jpg","_links":{"self":[{"href":"https:\/\/ihapari.com\/en\/wp-json\/wp\/v2\/posts\/69656","targetHints":{"allow":["GET"]}}],"collection":[{"href":"https:\/\/ihapari.com\/en\/wp-json\/wp\/v2\/posts"}],"about":[{"href":"https:\/\/ihapari.com\/en\/wp-json\/wp\/v2\/types\/post"}],"author":[{"embeddable":true,"href":"https:\/\/ihapari.com\/en\/wp-json\/wp\/v2\/users\/4"}],"replies":[{"embeddable":true,"href":"https:\/\/ihapari.com\/en\/wp-json\/wp\/v2\/comments?post=69656"}],"version-history":[{"count":1,"href":"https:\/\/ihapari.com\/en\/wp-json\/wp\/v2\/posts\/69656\/revisions"}],"predecessor-version":[{"id":69658,"href":"https:\/\/ihapari.com\/en\/wp-json\/wp\/v2\/posts\/69656\/revisions\/69658"}],"wp:featuredmedia":[{"embeddable":true,"href":"https:\/\/ihapari.com\/en\/wp-json\/wp\/v2\/media\/69657"}],"wp:attachment":[{"href":"https:\/\/ihapari.com\/en\/wp-json\/wp\/v2\/media?parent=69656"}],"wp:term":[{"taxonomy":"category","embeddable":true,"href":"https:\/\/ihapari.com\/en\/wp-json\/wp\/v2\/categories?post=69656"},{"taxonomy":"post_tag","embeddable":true,"href":"https:\/\/ihapari.com\/en\/wp-json\/wp\/v2\/tags?post=69656"}],"curies":[{"name":"wp","href":"https:\/\/api.w.org\/{rel}","templated":true}]}}