{"id":69647,"date":"2024-08-02T00:02:30","date_gmt":"2024-08-01T22:02:30","guid":{"rendered":"https:\/\/ihapari.com\/?p=69647"},"modified":"2024-08-02T00:02:30","modified_gmt":"2024-08-01T22:02:30","slug":"zainadine-junior-termina-ciclo-de-8-anos-no-maritimo-e-assina-pelo-academica-de-coimbra","status":"publish","type":"post","link":"https:\/\/ihapari.com\/en\/zainadine-junior-termina-ciclo-de-8-anos-no-maritimo-e-assina-pelo-academica-de-coimbra\/","title":{"rendered":"Zainadine J\u00fanior ends 8-year cycle at Mar\u00edtimo and signs for Acad\u00e9mica de Coimbra."},"content":{"rendered":"<p>After an eight-year spell at Mar\u00edtimo, Zainadine J\u00fanior, former captain of the team and the Mozambique national team, is about to begin a new chapter in his career. The veteran defender will sign a contract with Acad\u00e9mica de Coimbra, a club in the third division of Portugal.<\/p>\n<p>Zainadine&#039;s move to Acad\u00e9mica de Coimbra marks the end of an era at Mar\u00edtimo, where the player played a significant role and became a key figure in the team&#039;s defense. During his time at Mar\u00edtimo, he distinguished himself as captain and gained valuable experience, both at club and international level.<\/p>\n<p>Sport Jogos has confirmed that the transfer process for Zainadine J\u00fanior is practically complete, and the expectation is that the player will be officially announced soon. Acad\u00e9mica de Coimbra, which is still assembling a developing squad, will see Zainadine join the team, bringing his experience and leadership to the club.<\/p>\n<p>It is important to note that Zainadine will be a teammate of another Mozambican international, Gildo Vilanculos, at Acad\u00e9mica de Coimbra. This union promises to further strengthen the Mozambican presence in the team and contribute to the club&#039;s development next season.<\/p>\n<p><strong>Zainadine J\u00fanior&#039;s career path<\/strong><\/p>\n<p>Throughout his career, Zainadine J\u00fanior had memorable spells at several clubs, starting with Desportivo Maputo and moving on to other important clubs such as Nacional and Tianjin Teda in China. His career in Portugal began with Nacional, before transferring to Mar\u00edtimo, where he became a key figure in the defense.<\/p>\n<p>His international experience and leadership as captain of the Mambas have been well recognized and will certainly benefit Acad\u00e9mica de Coimbra in their journey to excel in the Portuguese third division.<\/p>\n<p>The move to Acad\u00e9mica de Coimbra represents a new opportunity for Zainadine J\u00fanior to show his worth and contribute to the club&#039;s growth and success, while marking an important step in his career after a long and successful period at Mar\u00edtimo.<\/p>","protected":false},"excerpt":{"rendered":"<p>Ap\u00f3s um ciclo de oito anos no Mar\u00edtimo, Zainadine J\u00fanior, ex-capit\u00e3o da equipe e da sele\u00e7\u00e3o nacional de Mo\u00e7ambique, est\u00e1 prestes a iniciar um novo cap\u00edtulo em sua carreira. O veterano defensor vai assinar contrato com o Acad\u00e9mica de Coimbra, clube da terceira divis\u00e3o de Portugal. A mudan\u00e7a de Zainadine para o Acad\u00e9mica de Coimbra [&hellip;]<\/p>","protected":false},"author":4,"featured_media":69648,"comment_status":"open","ping_status":"open","sticky":false,"template":"","format":"standard","meta":{"footnotes":""},"categories":[84],"tags":[37],"class_list":["post-69647","post","type-post","status-publish","format-standard","has-post-thumbnail","hentry","category-internacional","tag-luis-macamo"],"jetpack_featured_media_url":"https:\/\/ihapari.com\/wp-content\/uploads\/2024\/08\/WhatsApp-Image-2024-08-01-at-23.44.41_1aa8d930.jpg","_links":{"self":[{"href":"https:\/\/ihapari.com\/en\/wp-json\/wp\/v2\/posts\/69647","targetHints":{"allow":["GET"]}}],"collection":[{"href":"https:\/\/ihapari.com\/en\/wp-json\/wp\/v2\/posts"}],"about":[{"href":"https:\/\/ihapari.com\/en\/wp-json\/wp\/v2\/types\/post"}],"author":[{"embeddable":true,"href":"https:\/\/ihapari.com\/en\/wp-json\/wp\/v2\/users\/4"}],"replies":[{"embeddable":true,"href":"https:\/\/ihapari.com\/en\/wp-json\/wp\/v2\/comments?post=69647"}],"version-history":[{"count":1,"href":"https:\/\/ihapari.com\/en\/wp-json\/wp\/v2\/posts\/69647\/revisions"}],"predecessor-version":[{"id":69649,"href":"https:\/\/ihapari.com\/en\/wp-json\/wp\/v2\/posts\/69647\/revisions\/69649"}],"wp:featuredmedia":[{"embeddable":true,"href":"https:\/\/ihapari.com\/en\/wp-json\/wp\/v2\/media\/69648"}],"wp:attachment":[{"href":"https:\/\/ihapari.com\/en\/wp-json\/wp\/v2\/media?parent=69647"}],"wp:term":[{"taxonomy":"category","embeddable":true,"href":"https:\/\/ihapari.com\/en\/wp-json\/wp\/v2\/categories?post=69647"},{"taxonomy":"post_tag","embeddable":true,"href":"https:\/\/ihapari.com\/en\/wp-json\/wp\/v2\/tags?post=69647"}],"curies":[{"name":"wp","href":"https:\/\/api.w.org\/{rel}","templated":true}]}}