{"id":69632,"date":"2024-08-01T21:20:29","date_gmt":"2024-08-01T19:20:29","guid":{"rendered":"https:\/\/ihapari.com\/?p=69632"},"modified":"2024-08-01T21:20:29","modified_gmt":"2024-08-01T19:20:29","slug":"gervasio-mafaite-alegria-adeptos-e-equipe-tecnica-com-sinais-de-recuperacao","status":"publish","type":"post","link":"https:\/\/ihapari.com\/en\/gervasio-mafaite-alegria-adeptos-e-equipe-tecnica-com-sinais-de-recuperacao\/","title":{"rendered":"Gerv\u00e1sio Mafaite Alegria Supporters and Technical Team Showing Signs of Recovery"},"content":{"rendered":"<p>O jogador Gerv\u00e1sio Mafaite trouxe uma onda de al\u00edvio e alegria para o Costa do Sol com sua recente visita ao campo de treino do clube. Ap\u00f3s um per\u00edodo desafiador devido a uma les\u00e3o sofrida nas primeiras jornadas do Mo\u00e7ambola, Mafaite mostrou sinais claros de recupera\u00e7\u00e3o, um desenvolvimento bem recebido por todos no clube.<\/p>\n<p>A presen\u00e7a de Mafaite no treino foi um momento significativo para seus colegas de equipe, a equipe t\u00e9cnica e os adeptos. A boa not\u00edcia de sua recupera\u00e7\u00e3o foi recebida com entusiasmo nas redes sociais e nas arquibancadas. Os f\u00e3s expressaram seu apoio e otimismo com mensagens como: \u201cBoa not\u00edcia, r\u00e1pidas melhoras CRAQUE,\u201d \u201cQue esta alegria sirva de impulso para o can\u00e1rio nos pr\u00f3ximos desafios,\u201d e \u201cFor\u00e7a nosso, estamos contigo em todos.\u201d<\/p>\n<p>A recupera\u00e7\u00e3o de Mafaite \u00e9 uma inje\u00e7\u00e3o de \u00e2nimo para o Costa do Sol, que enfrenta uma temporada repleta de desafios e expectativas. O retorno iminente do jogador pode fortalecer ainda mais a equipe, oferecendo uma valiosa contribui\u00e7\u00e3o para os pr\u00f3ximos jogos e competi\u00e7\u00f5es.<\/p>\n<p>Com Mafaite se recuperando e se reintegrando ao time, o Costa do Sol se prepara para encarar os pr\u00f3ximos desafios com renovada confian\u00e7a e for\u00e7a. A recupera\u00e7\u00e3o do jogador \u00e9 um exemplo positivo de resili\u00eancia e dedica\u00e7\u00e3o, e a equipe e os adeptos est\u00e3o ansiosos para v\u00ea-lo de volta em campo, ajudando a levar o clube a novas vit\u00f3rias.<\/p>","protected":false},"excerpt":{"rendered":"<p>Player Gerv\u00e1sio Mafaite brought a wave of relief and joy to Costa do Sol with his recent visit to the club&#039;s training ground. After a challenging period due to an injury suffered in the early rounds of the Mo\u00e7ambola, Mafaite showed clear signs of recovery, a development well received by everyone at the club. The [\u2026]<\/p>","protected":false},"author":4,"featured_media":69633,"comment_status":"open","ping_status":"open","sticky":false,"template":"","format":"standard","meta":{"footnotes":""},"categories":[93],"tags":[37],"class_list":["post-69632","post","type-post","status-publish","format-standard","has-post-thumbnail","hentry","category-mocambola-2024","tag-luis-macamo"],"jetpack_featured_media_url":"https:\/\/ihapari.com\/wp-content\/uploads\/2024\/08\/453884713_1007181651409560_4623119505329756176_n.jpg","_links":{"self":[{"href":"https:\/\/ihapari.com\/en\/wp-json\/wp\/v2\/posts\/69632","targetHints":{"allow":["GET"]}}],"collection":[{"href":"https:\/\/ihapari.com\/en\/wp-json\/wp\/v2\/posts"}],"about":[{"href":"https:\/\/ihapari.com\/en\/wp-json\/wp\/v2\/types\/post"}],"author":[{"embeddable":true,"href":"https:\/\/ihapari.com\/en\/wp-json\/wp\/v2\/users\/4"}],"replies":[{"embeddable":true,"href":"https:\/\/ihapari.com\/en\/wp-json\/wp\/v2\/comments?post=69632"}],"version-history":[{"count":1,"href":"https:\/\/ihapari.com\/en\/wp-json\/wp\/v2\/posts\/69632\/revisions"}],"predecessor-version":[{"id":69634,"href":"https:\/\/ihapari.com\/en\/wp-json\/wp\/v2\/posts\/69632\/revisions\/69634"}],"wp:featuredmedia":[{"embeddable":true,"href":"https:\/\/ihapari.com\/en\/wp-json\/wp\/v2\/media\/69633"}],"wp:attachment":[{"href":"https:\/\/ihapari.com\/en\/wp-json\/wp\/v2\/media?parent=69632"}],"wp:term":[{"taxonomy":"category","embeddable":true,"href":"https:\/\/ihapari.com\/en\/wp-json\/wp\/v2\/categories?post=69632"},{"taxonomy":"post_tag","embeddable":true,"href":"https:\/\/ihapari.com\/en\/wp-json\/wp\/v2\/tags?post=69632"}],"curies":[{"name":"wp","href":"https:\/\/api.w.org\/{rel}","templated":true}]}}