{"id":68471,"date":"2024-07-10T10:37:25","date_gmt":"2024-07-10T08:37:25","guid":{"rendered":"https:\/\/ihapari.com\/?p=68471"},"modified":"2024-07-10T10:37:25","modified_gmt":"2024-07-10T08:37:25","slug":"kamena-kama-traz-memorias-da-falecida-apresentadora-ludmila-jeque","status":"publish","type":"post","link":"https:\/\/ihapari.com\/en\/kamena-kama-traz-memorias-da-falecida-apresentadora-ludmila-jeque\/","title":{"rendered":"Kamena Kama Traz Mem\u00f3rias da Falecida Apresentadora Ludmila Jeque"},"content":{"rendered":"<h3>O cantor Kamena Kama compartilhou uma mensagem comovente em suas redes sociais, lembrando da falecida apresentadora Ludmila Jeque. Em seu tributo, ele refletiu sobre os momentos especiais que compartilharam, destacando a vit\u00f3ria conjunta na competi\u00e7\u00e3o &#8220;Dan\u00e7a dos Famosos&#8221; em 2011.<\/h3>\n<p>&#8220;Este dia foi t\u00e3o especial. Fomos os vencedores da &#8216;Dan\u00e7a dos Famosos&#8217; em 2011. E nos reencontramos na televis\u00e3o em tempo de COVID, e era daquelas colegas que gostava tanto de fofocar com ela. Minha provinciana \u2764\ufe0f\ud83c\udf3a. Arquivo encontrado e saudade aumentada \u2764\ufe0f. Lud era pessoa. Tal como a boca dela de Machuabo. Saudades muitas&#8221;, escreveu Kamena Kama.<\/p>\n<p>Ludmila Jeque, nascida em 5 de fevereiro de 1990, na cidade de Quelimane, prov\u00edncia da Zamb\u00e9zia, conquistou o p\u00fablico mo\u00e7ambicano ao participar do concurso &#8220;Famashow&#8221; da STV. Com seu carisma e talento, Ludmila rapidamente se tornou uma figura querida na televis\u00e3o mo\u00e7ambicana. Ela foi a apresentadora do programa &#8220;Vidas em Directo&#8221; e tamb\u00e9m integrou o elenco de apresenta\u00e7\u00e3o da &#8220;Turma Tudo Bom&#8221;.<\/p>\n<p>A perda de Ludmila foi um golpe duro para seus colegas e f\u00e3s. Sua personalidade vibrante e dedica\u00e7\u00e3o ao seu trabalho deixaram uma marca indel\u00e9vel na m\u00eddia mo\u00e7ambicana. Kamena Kama, ao compartilhar suas mem\u00f3rias, trouxe \u00e0 tona a import\u00e2ncia de Ludmila n\u00e3o apenas como uma colega de trabalho, mas como uma amiga querida.<\/p>\n<p>A mensagem de Kamena Kama ressoou com muitos seguidores, que expressaram suas pr\u00f3prias saudades e lembran\u00e7as de Ludmila nos coment\u00e1rios. A saudade \u00e9 um sentimento comum entre aqueles que tiveram o privil\u00e9gio de conhecer Ludmila, tanto pessoalmente quanto atrav\u00e9s de suas apari\u00e7\u00f5es na televis\u00e3o.<\/p>\n<p>Ludmila Jeque ser\u00e1 sempre lembrada por sua contribui\u00e7\u00e3o \u00e0 televis\u00e3o mo\u00e7ambicana e por seu esp\u00edrito alegre e contagiante. A homenagem de Kamena Kama \u00e9 um lembrete da import\u00e2ncia de celebrar a vida e as mem\u00f3rias daqueles que nos deixaram.<\/p>","protected":false},"excerpt":{"rendered":"<p>O cantor Kamena Kama compartilhou uma mensagem comovente em suas redes sociais, lembrando da falecida apresentadora Ludmila Jeque. Em seu tributo, ele refletiu sobre os momentos especiais que compartilharam, destacando a vit\u00f3ria conjunta na competi\u00e7\u00e3o &#8220;Dan\u00e7a dos Famosos&#8221; em 2011. &#8220;Este dia foi t\u00e3o especial. Fomos os vencedores da &#8216;Dan\u00e7a dos Famosos&#8217; em 2011. E [&hellip;]<\/p>","protected":false},"author":3,"featured_media":68472,"comment_status":"open","ping_status":"open","sticky":false,"template":"","format":"standard","meta":{"footnotes":""},"categories":[29],"tags":[37],"class_list":["post-68471","post","type-post","status-publish","format-standard","has-post-thumbnail","hentry","category-cultura","tag-luis-macamo"],"jetpack_featured_media_url":"https:\/\/ihapari.com\/wp-content\/uploads\/2024\/07\/WhatsApp-Image-2024-07-10-at-10.12.03.jpeg","_links":{"self":[{"href":"https:\/\/ihapari.com\/en\/wp-json\/wp\/v2\/posts\/68471","targetHints":{"allow":["GET"]}}],"collection":[{"href":"https:\/\/ihapari.com\/en\/wp-json\/wp\/v2\/posts"}],"about":[{"href":"https:\/\/ihapari.com\/en\/wp-json\/wp\/v2\/types\/post"}],"author":[{"embeddable":true,"href":"https:\/\/ihapari.com\/en\/wp-json\/wp\/v2\/users\/3"}],"replies":[{"embeddable":true,"href":"https:\/\/ihapari.com\/en\/wp-json\/wp\/v2\/comments?post=68471"}],"version-history":[{"count":1,"href":"https:\/\/ihapari.com\/en\/wp-json\/wp\/v2\/posts\/68471\/revisions"}],"predecessor-version":[{"id":68473,"href":"https:\/\/ihapari.com\/en\/wp-json\/wp\/v2\/posts\/68471\/revisions\/68473"}],"wp:featuredmedia":[{"embeddable":true,"href":"https:\/\/ihapari.com\/en\/wp-json\/wp\/v2\/media\/68472"}],"wp:attachment":[{"href":"https:\/\/ihapari.com\/en\/wp-json\/wp\/v2\/media?parent=68471"}],"wp:term":[{"taxonomy":"category","embeddable":true,"href":"https:\/\/ihapari.com\/en\/wp-json\/wp\/v2\/categories?post=68471"},{"taxonomy":"post_tag","embeddable":true,"href":"https:\/\/ihapari.com\/en\/wp-json\/wp\/v2\/tags?post=68471"}],"curies":[{"name":"wp","href":"https:\/\/api.w.org\/{rel}","templated":true}]}}