{"id":68392,"date":"2024-07-08T13:14:49","date_gmt":"2024-07-08T11:14:49","guid":{"rendered":"https:\/\/ihapari.com\/?p=68392"},"modified":"2024-07-08T13:14:49","modified_gmt":"2024-07-08T11:14:49","slug":"bruno-langa-retorna-a-ud-almeria-para-a-pre-epoca","status":"publish","type":"post","link":"https:\/\/ihapari.com\/en\/bruno-langa-retorna-a-ud-almeria-para-a-pre-epoca\/","title":{"rendered":"Bruno Langa returns to UD Almer\u00eda for pre-season."},"content":{"rendered":"<p>Bruno Langa, o talentoso lateral esquerdo internacional mo\u00e7ambicano, est\u00e1 de volta \u00e0 UD Almer\u00eda. O jogador compareceu ao primeiro dia das atividades da pr\u00e9-\u00e9poca, preparando-se para ajudar o clube espanhol na miss\u00e3o de retornar \u00e0 La Liga ap\u00f3s o rebaixamento na temporada passada.<\/p>\n<p>O retorno de Bruno Langa \u00e0 UD Almer\u00eda \u00e9 um dos movimentos mais aguardados pelos torcedores. Com sua habilidade defensiva e ofensiva, Langa promete ser um refor\u00e7o crucial para a equipe. Sua presen\u00e7a no primeiro dia de trabalhos \u00e9 um indicativo de seu compromisso e determina\u00e7\u00e3o em contribuir para o sucesso do time.<\/p>\n<p>Desde sua chegada ao clube, Bruno Langa tem se destacado como uma pe\u00e7a fundamental na defesa. Seu desempenho consistente e sua capacidade de apoiar o ataque o tornaram um dos jogadores mais importantes do elenco. A dire\u00e7\u00e3o e a equipe t\u00e9cnica da UD Almer\u00eda depositam grandes esperan\u00e7as em Langa para a nova temporada.<\/p>\n<p>Ap\u00f3s o rebaixamento na \u00faltima temporada, a UD Almer\u00eda est\u00e1 determinada a lutar pelo retorno \u00e0 principal divis\u00e3o do futebol espanhol. A inclus\u00e3o de Bruno Langa na equipe \u00e9 vista como um passo estrat\u00e9gico nessa miss\u00e3o. Com sua experi\u00eancia internacional e talento, Langa \u00e9 esperado para desempenhar um papel vital na campanha de promo\u00e7\u00e3o.<\/p>\n<p>A pr\u00e9-\u00e9poca \u00e9 uma fase crucial para qualquer clube, e a UD Almer\u00eda n\u00e3o \u00e9 exce\u00e7\u00e3o. Bruno Langa e seus companheiros de equipe est\u00e3o se submetendo a um regime intenso de treinamento e prepara\u00e7\u00e3o, visando estar em plena forma f\u00edsica e t\u00e1tica para o in\u00edcio da temporada. O compromisso e a dedica\u00e7\u00e3o mostrados por Langa desde o primeiro dia s\u00e3o um exemplo para todo o elenco.<\/p>\n<p>O retorno de Bruno Langa \u00e0 UD Almer\u00eda marca o in\u00edcio de uma nova jornada para o clube e para o pr\u00f3prio jogador. Com a temporada 2024\/2025 se aproximando, as expectativas s\u00e3o altas, e a contribui\u00e7\u00e3o de Langa ser\u00e1 fundamental para o sucesso da equipe. Os torcedores da UD Almer\u00eda e os f\u00e3s do futebol mo\u00e7ambicano aguardam ansiosamente para ver o desempenho deste talentoso lateral esquerdo em a\u00e7\u00e3o, enquanto ele e sua equipe lutam pelo retorno \u00e0 elite do futebol espanhol.<\/p>","protected":false},"excerpt":{"rendered":"<p>Bruno Langa, the talented Mozambican international left-back, is back at UD Almer\u00eda. The player attended the first day of pre-season training, preparing to help the Spanish club in its mission to return to La Liga after relegation last season. Bruno Langa&#039;s return to UD Almer\u00eda is one of the moves [\u2026]<\/p>","protected":false},"author":4,"featured_media":68393,"comment_status":"open","ping_status":"open","sticky":false,"template":"","format":"standard","meta":{"footnotes":""},"categories":[84],"tags":[37],"class_list":["post-68392","post","type-post","status-publish","format-standard","has-post-thumbnail","hentry","category-internacional","tag-luis-macamo"],"jetpack_featured_media_url":"https:\/\/ihapari.com\/wp-content\/uploads\/2024\/07\/Screenshot_20240708-124701_Lite.jpg","_links":{"self":[{"href":"https:\/\/ihapari.com\/en\/wp-json\/wp\/v2\/posts\/68392","targetHints":{"allow":["GET"]}}],"collection":[{"href":"https:\/\/ihapari.com\/en\/wp-json\/wp\/v2\/posts"}],"about":[{"href":"https:\/\/ihapari.com\/en\/wp-json\/wp\/v2\/types\/post"}],"author":[{"embeddable":true,"href":"https:\/\/ihapari.com\/en\/wp-json\/wp\/v2\/users\/4"}],"replies":[{"embeddable":true,"href":"https:\/\/ihapari.com\/en\/wp-json\/wp\/v2\/comments?post=68392"}],"version-history":[{"count":1,"href":"https:\/\/ihapari.com\/en\/wp-json\/wp\/v2\/posts\/68392\/revisions"}],"predecessor-version":[{"id":68394,"href":"https:\/\/ihapari.com\/en\/wp-json\/wp\/v2\/posts\/68392\/revisions\/68394"}],"wp:featuredmedia":[{"embeddable":true,"href":"https:\/\/ihapari.com\/en\/wp-json\/wp\/v2\/media\/68393"}],"wp:attachment":[{"href":"https:\/\/ihapari.com\/en\/wp-json\/wp\/v2\/media?parent=68392"}],"wp:term":[{"taxonomy":"category","embeddable":true,"href":"https:\/\/ihapari.com\/en\/wp-json\/wp\/v2\/categories?post=68392"},{"taxonomy":"post_tag","embeddable":true,"href":"https:\/\/ihapari.com\/en\/wp-json\/wp\/v2\/tags?post=68392"}],"curies":[{"name":"wp","href":"https:\/\/api.w.org\/{rel}","templated":true}]}}