{"id":68309,"date":"2024-07-06T15:13:03","date_gmt":"2024-07-06T13:13:03","guid":{"rendered":"https:\/\/ihapari.com\/?p=68309"},"modified":"2024-07-06T15:13:03","modified_gmt":"2024-07-06T13:13:03","slug":"diversas-personalidades-no-adeus-de-chude-mondlane","status":"publish","type":"post","link":"https:\/\/ihapari.com\/en\/diversas-personalidades-no-adeus-de-chude-mondlane\/","title":{"rendered":"DIVERSAS PERSONALIDADES NO ADEUS DE CHUDE MONDLANE"},"content":{"rendered":"<p>O Centro Cultural Mo\u00e7ambique-China foi palco de um evento marcado pela emo\u00e7\u00e3o e rever\u00eancia, com centenas de personalidades da pol\u00edtica, cultura, academia, desporto e outros sectores presentes para prestar a \u00faltima homenagem \u00e0 cantora e compositora Jennifer Chude Mondlane. Falecida a 24 de Junho na \u00c1frica do Sul, v\u00edtima de doen\u00e7a, Chude Mondlane deixa um legado indel\u00e9vel na m\u00fasica mo\u00e7ambicana.<\/p>\n<p>A cerim\u00f4nia teve in\u00edcio com a chegada do Presidente da Rep\u00fablica, Filipe Nyusi, que foi recebido pelo representante da fam\u00edlia Mondlane antes de assinar o livro de condol\u00eancias. Este gesto simb\u00f3lico destacou a import\u00e2ncia da artista para o pa\u00eds e a proximidade que mantinha com diversas esferas da sociedade.<\/p>\n<p>Um dos momentos mais marcantes do vel\u00f3rio foi a apresenta\u00e7\u00e3o de \u201cxithokozelo\u201d, uma manifesta\u00e7\u00e3o cultural profundamente enraizada na tradi\u00e7\u00e3o mo\u00e7ambicana, proferida pelo artista Alvin Cossa. A performance foi seguida pela exibi\u00e7\u00e3o de um v\u00eddeo que retratou a vida e obra de Chude Mondlane, proporcionando aos presentes uma reflex\u00e3o sobre a trajet\u00f3ria art\u00edstica e pessoal da cantora.<br \/>\nAs homenagens prosseguiram com as interven\u00e7\u00f5es emocionadas de Eduardo Mondlane J\u00fanior e de Janet, filha de Chude, que compartilharam mem\u00f3rias e expressaram o impacto duradouro que a artista teve em suas vidas e na de tantos outros. Al\u00e9m deles, o reitor da Universidade Eduardo Mondlane, Guilherme Manuel Jr., tamb\u00e9m fez uma interven\u00e7\u00e3o, destacando a contribui\u00e7\u00e3o de Chude Mondlane para a cultura e a educa\u00e7\u00e3o em Mo\u00e7ambique.<\/p>\n<p>Amigos e colegas da falecida, incluindo o m\u00fasico Marcos Miller, compartilharam hist\u00f3rias e lembran\u00e7as, destacando n\u00e3o apenas o talento musical de Chude, mas tamb\u00e9m sua generosidade e esp\u00edrito colaborativo. A ministra da Cultura e Turismo, Edelvina Materula, ressaltou o legado cultural deixado por Chude Mondlane, enfatizando a import\u00e2ncia de preservar e celebrar sua obra para as futuras gera\u00e7\u00f5es.<br \/>\nO evento culminou com o elogio f\u00fanebre proferido pelo Presidente Filipe Nyusi, que destacou a perda irrepar\u00e1vel para a na\u00e7\u00e3o mo\u00e7ambicana e enalteceu a vida e a obra de Chude Mondlane, reafirmando seu papel como um \u00edcone da m\u00fasica e da cultura mo\u00e7ambicana.<\/p>\n<p>A despedida de Chude Mondlane foi, sem d\u00favida, um momento de profunda tristeza, mas tamb\u00e9m de celebra\u00e7\u00e3o de uma vida rica em realiza\u00e7\u00f5es e contribui\u00e7\u00f5es para a m\u00fasica e a cultura de Mo\u00e7ambique. O legado da cantora continuar\u00e1 a inspirar e a ressoar nos cora\u00e7\u00f5es de todos os que foram tocados por sua arte.<\/p>","protected":false},"excerpt":{"rendered":"<p>O Centro Cultural Mo\u00e7ambique-China foi palco de um evento marcado pela emo\u00e7\u00e3o e rever\u00eancia, com centenas de personalidades da pol\u00edtica, cultura, academia, desporto e outros sectores presentes para prestar a \u00faltima homenagem \u00e0 cantora e compositora Jennifer Chude Mondlane. Falecida a 24 de Junho na \u00c1frica do Sul, v\u00edtima de doen\u00e7a, Chude Mondlane deixa um [&hellip;]<\/p>","protected":false},"author":3,"featured_media":68310,"comment_status":"open","ping_status":"open","sticky":false,"template":"","format":"standard","meta":{"footnotes":""},"categories":[29],"tags":[51],"class_list":["post-68309","post","type-post","status-publish","format-standard","has-post-thumbnail","hentry","category-cultura","tag-anuar-macamo"],"jetpack_featured_media_url":"https:\/\/ihapari.com\/wp-content\/uploads\/2024\/07\/IMG-20240706-WA0011.jpg","_links":{"self":[{"href":"https:\/\/ihapari.com\/en\/wp-json\/wp\/v2\/posts\/68309","targetHints":{"allow":["GET"]}}],"collection":[{"href":"https:\/\/ihapari.com\/en\/wp-json\/wp\/v2\/posts"}],"about":[{"href":"https:\/\/ihapari.com\/en\/wp-json\/wp\/v2\/types\/post"}],"author":[{"embeddable":true,"href":"https:\/\/ihapari.com\/en\/wp-json\/wp\/v2\/users\/3"}],"replies":[{"embeddable":true,"href":"https:\/\/ihapari.com\/en\/wp-json\/wp\/v2\/comments?post=68309"}],"version-history":[{"count":1,"href":"https:\/\/ihapari.com\/en\/wp-json\/wp\/v2\/posts\/68309\/revisions"}],"predecessor-version":[{"id":68311,"href":"https:\/\/ihapari.com\/en\/wp-json\/wp\/v2\/posts\/68309\/revisions\/68311"}],"wp:featuredmedia":[{"embeddable":true,"href":"https:\/\/ihapari.com\/en\/wp-json\/wp\/v2\/media\/68310"}],"wp:attachment":[{"href":"https:\/\/ihapari.com\/en\/wp-json\/wp\/v2\/media?parent=68309"}],"wp:term":[{"taxonomy":"category","embeddable":true,"href":"https:\/\/ihapari.com\/en\/wp-json\/wp\/v2\/categories?post=68309"},{"taxonomy":"post_tag","embeddable":true,"href":"https:\/\/ihapari.com\/en\/wp-json\/wp\/v2\/tags?post=68309"}],"curies":[{"name":"wp","href":"https:\/\/api.w.org\/{rel}","templated":true}]}}