{"id":63526,"date":"2024-04-04T20:54:35","date_gmt":"2024-04-04T18:54:35","guid":{"rendered":"https:\/\/ihapari.com\/?p=63526"},"modified":"2024-04-05T19:51:11","modified_gmt":"2024-04-05T17:51:11","slug":"cleyton-da-drena-rumo-a-novos-horizontes-na-africa-do-sul","status":"publish","type":"post","link":"https:\/\/ihapari.com\/en\/cleyton-da-drena-rumo-a-novos-horizontes-na-africa-do-sul\/","title":{"rendered":"Cleyton Da Drena: Towards New Horizons in South Africa"},"content":{"rendered":"<p>The Mozambican music scene is about to witness a new chapter in its history, as one of its brightest talents, Cleyton Da Drena, is preparing to cross borders to South Africa. With a legion of dedicated fans and undeniable talent, the singer is ready to represent his nation on South African soil.<\/p>\n<p>In a touching statement on social media, Cleyton Da Drena expressed his gratitude for the support of his family of fans during this journey. \u201cFamily, it\u2019s all your fault,\u201d he wrote, referring to the encouragement and support he received from his admirers. With the determination of a true artist, he is ready to take his music beyond national borders and enchant new audiences.<\/p>\n<p>The enthusiastic comments from his fans demonstrate the unwavering support he receives. \u201cGo and shine, now you have Eva at home, just don\u2019t forget to bring the apple for little Eva,\u201d wrote one fan, reflecting the mix of support and affection Cleyton Da Drena receives from his fanbase. Another admirer sent wishes for a safe trip and encouragement, while a third highlighted that it\u2019s the singer\u2019s time to shine and expressed confidence in his success.<\/p>","protected":false},"excerpt":{"rendered":"<p>O cen\u00e1rio musical mo\u00e7ambicano est\u00e1 prestes a testemunhar uma nova p\u00e1gina de sua hist\u00f3ria, pois um de seus talentos mais brilhantes, Cleyton Da Drena, est\u00e1 se preparando para cruzar fronteiras em dire\u00e7\u00e3o \u00e0 \u00c1frica do Sul. Com uma legi\u00e3o de f\u00e3s dedicados e um talento ineg\u00e1vel, o cantor est\u00e1 pronto para representar sua na\u00e7\u00e3o em [&hellip;]<\/p>","protected":false},"author":3,"featured_media":63527,"comment_status":"open","ping_status":"open","sticky":false,"template":"","format":"standard","meta":{"footnotes":""},"categories":[1],"tags":[51],"class_list":["post-63526","post","type-post","status-publish","format-standard","has-post-thumbnail","hentry","category-sem-categoria","tag-anuar-macamo"],"jetpack_featured_media_url":"https:\/\/ihapari.com\/wp-content\/uploads\/2024\/04\/Screenshot_20240404-205235_Lite.jpg","_links":{"self":[{"href":"https:\/\/ihapari.com\/en\/wp-json\/wp\/v2\/posts\/63526","targetHints":{"allow":["GET"]}}],"collection":[{"href":"https:\/\/ihapari.com\/en\/wp-json\/wp\/v2\/posts"}],"about":[{"href":"https:\/\/ihapari.com\/en\/wp-json\/wp\/v2\/types\/post"}],"author":[{"embeddable":true,"href":"https:\/\/ihapari.com\/en\/wp-json\/wp\/v2\/users\/3"}],"replies":[{"embeddable":true,"href":"https:\/\/ihapari.com\/en\/wp-json\/wp\/v2\/comments?post=63526"}],"version-history":[{"count":1,"href":"https:\/\/ihapari.com\/en\/wp-json\/wp\/v2\/posts\/63526\/revisions"}],"predecessor-version":[{"id":63528,"href":"https:\/\/ihapari.com\/en\/wp-json\/wp\/v2\/posts\/63526\/revisions\/63528"}],"wp:featuredmedia":[{"embeddable":true,"href":"https:\/\/ihapari.com\/en\/wp-json\/wp\/v2\/media\/63527"}],"wp:attachment":[{"href":"https:\/\/ihapari.com\/en\/wp-json\/wp\/v2\/media?parent=63526"}],"wp:term":[{"taxonomy":"category","embeddable":true,"href":"https:\/\/ihapari.com\/en\/wp-json\/wp\/v2\/categories?post=63526"},{"taxonomy":"post_tag","embeddable":true,"href":"https:\/\/ihapari.com\/en\/wp-json\/wp\/v2\/tags?post=63526"}],"curies":[{"name":"wp","href":"https:\/\/api.w.org\/{rel}","templated":true}]}}