{"id":62847,"date":"2024-03-25T13:09:41","date_gmt":"2024-03-25T11:09:41","guid":{"rendered":"https:\/\/ihapari.com\/?p=62847"},"modified":"2024-03-25T13:09:41","modified_gmt":"2024-03-25T11:09:41","slug":"bander-o-reinado-do-trap-rumo-a-portugal","status":"publish","type":"post","link":"https:\/\/ihapari.com\/en\/bander-o-reinado-do-trap-rumo-a-portugal\/","title":{"rendered":"Bander: O Reinado do Trap Rumo a Portugal"},"content":{"rendered":"<p>Com uma not\u00edcia bomb\u00e1stica divulgada em suas redes sociais, Bander anunciou sua participa\u00e7\u00e3o no renomado Amapiano Music Festival, marcado para o dia 19 de abril, em Lisboa, Portugal. Esta not\u00edcia n\u00e3o s\u00f3 causou alvoro\u00e7o entre seus f\u00e3s, mas tamb\u00e9m solidificou sua posi\u00e7\u00e3o como um dos artistas mais influentes e respeitados no cen\u00e1rio do trap.<\/p>\n<p>Ao lado de nomes de peso como Dj Maphorisa e Dandy Lisbon, Bander est\u00e1 preparado para incendiar o palco com sua energia vibrante e suas batidas contagiantes. O festival promete ser uma celebra\u00e7\u00e3o \u00e9pica da m\u00fasica, reunindo talentos de diversas origens para uma experi\u00eancia \u00fanica e inesquec\u00edvel.<\/p>\n<p>Para Bander, essa oportunidade representa mais do que apenas um concerto em terras estrangeiras. \u00c9 um marco em sua carreira de uma d\u00e9cada, um testemunho do sucesso e da dedica\u00e7\u00e3o que o levaram at\u00e9 aqui. Seus 10 anos de trajet\u00f3ria n\u00e3o apenas o consolidaram como um \u00edcone do trap em Mo\u00e7ambique, mas tamb\u00e9m o projetaram para o cen\u00e1rio internacional, onde seu talento brilha com intensidade incompar\u00e1vel.<\/p>","protected":false},"excerpt":{"rendered":"<p>Com uma not\u00edcia bomb\u00e1stica divulgada em suas redes sociais, Bander anunciou sua participa\u00e7\u00e3o no renomado Amapiano Music Festival, marcado para o dia 19 de abril, em Lisboa, Portugal. Esta not\u00edcia n\u00e3o s\u00f3 causou alvoro\u00e7o entre seus f\u00e3s, mas tamb\u00e9m solidificou sua posi\u00e7\u00e3o como um dos artistas mais influentes e respeitados no cen\u00e1rio do trap. Ao [&hellip;]<\/p>","protected":false},"author":3,"featured_media":62849,"comment_status":"open","ping_status":"open","sticky":false,"template":"","format":"standard","meta":{"footnotes":""},"categories":[30],"tags":[37],"class_list":["post-62847","post","type-post","status-publish","format-standard","has-post-thumbnail","hentry","category-entretenimento","tag-luis-macamo"],"jetpack_featured_media_url":"https:\/\/ihapari.com\/wp-content\/uploads\/2024\/03\/Screenshot_20240325-130902_Lite.jpg","_links":{"self":[{"href":"https:\/\/ihapari.com\/en\/wp-json\/wp\/v2\/posts\/62847","targetHints":{"allow":["GET"]}}],"collection":[{"href":"https:\/\/ihapari.com\/en\/wp-json\/wp\/v2\/posts"}],"about":[{"href":"https:\/\/ihapari.com\/en\/wp-json\/wp\/v2\/types\/post"}],"author":[{"embeddable":true,"href":"https:\/\/ihapari.com\/en\/wp-json\/wp\/v2\/users\/3"}],"replies":[{"embeddable":true,"href":"https:\/\/ihapari.com\/en\/wp-json\/wp\/v2\/comments?post=62847"}],"version-history":[{"count":1,"href":"https:\/\/ihapari.com\/en\/wp-json\/wp\/v2\/posts\/62847\/revisions"}],"predecessor-version":[{"id":62850,"href":"https:\/\/ihapari.com\/en\/wp-json\/wp\/v2\/posts\/62847\/revisions\/62850"}],"wp:featuredmedia":[{"embeddable":true,"href":"https:\/\/ihapari.com\/en\/wp-json\/wp\/v2\/media\/62849"}],"wp:attachment":[{"href":"https:\/\/ihapari.com\/en\/wp-json\/wp\/v2\/media?parent=62847"}],"wp:term":[{"taxonomy":"category","embeddable":true,"href":"https:\/\/ihapari.com\/en\/wp-json\/wp\/v2\/categories?post=62847"},{"taxonomy":"post_tag","embeddable":true,"href":"https:\/\/ihapari.com\/en\/wp-json\/wp\/v2\/tags?post=62847"}],"curies":[{"name":"wp","href":"https:\/\/api.w.org\/{rel}","templated":true}]}}