{"id":62733,"date":"2024-03-24T16:02:53","date_gmt":"2024-03-24T14:02:53","guid":{"rendered":"https:\/\/ihapari.com\/?p=62733"},"modified":"2024-03-24T18:46:03","modified_gmt":"2024-03-24T16:46:03","slug":"justino-ubakka-prioriza-tempo-em-familia-em-dias-chuvosos","status":"publish","type":"post","link":"https:\/\/ihapari.com\/en\/justino-ubakka-prioriza-tempo-em-familia-em-dias-chuvosos\/","title":{"rendered":"Justino Ubakka Prioriza Tempo em Fam\u00edlia em Dias Chuvosos"},"content":{"rendered":"<p>O reconhecido cantor mo\u00e7ambicano, Justino Ubakka, recentemente deu um vislumbre de sua vida pessoal ao optar por passar um dia chuvoso ao lado de sua fam\u00edlia. Longe dos palcos e da agita\u00e7\u00e3o da vida p\u00fablica, Justino dedicou seu tempo aos entes queridos, escolhendo compartilhar esses momentos \u00edntimos com seus f\u00e3s e seguidores atrav\u00e9s das redes sociais.<\/p>\n<p>Nas postagens compartilhadas, Justino mostrou-se desfrutando de atividades familiares simples, enquanto a chuva ca\u00eda do lado de fora. Esses momentos cotidianos, longe dos holofotes da fama, proporcionaram uma perspectiva mais humana do artista, destacando sua valoriza\u00e7\u00e3o pelos la\u00e7os familiares e sua busca por um equil\u00edbrio entre sua carreira e sua vida pessoal.<\/p>\n<p>A escolha de Justino de compartilhar esses momentos \u00edntimos n\u00e3o apenas permite que seus f\u00e3s se sintam mais conectados a ele como pessoa, mas tamb\u00e9m ressalta a import\u00e2ncia de valorizar o tempo com a fam\u00edlia, independentemente das circunst\u00e2ncias externas. Em um mundo onde a vida p\u00fablica muitas vezes pode consumir completamente a agenda de uma pessoa, Justino Ubakka demonstra a import\u00e2ncia de manter um v\u00ednculo forte com os entes queridos, mesmo quando se est\u00e1 no centro das aten\u00e7\u00f5es.<\/p>","protected":false},"excerpt":{"rendered":"<p>O reconhecido cantor mo\u00e7ambicano, Justino Ubakka, recentemente deu um vislumbre de sua vida pessoal ao optar por passar um dia chuvoso ao lado de sua fam\u00edlia. Longe dos palcos e da agita\u00e7\u00e3o da vida p\u00fablica, Justino dedicou seu tempo aos entes queridos, escolhendo compartilhar esses momentos \u00edntimos com seus f\u00e3s e seguidores atrav\u00e9s das redes [&hellip;]<\/p>","protected":false},"author":3,"featured_media":62734,"comment_status":"open","ping_status":"closed","sticky":false,"template":"","format":"standard","meta":{"footnotes":""},"categories":[30],"tags":[37],"class_list":["post-62733","post","type-post","status-publish","format-standard","has-post-thumbnail","hentry","category-entretenimento","tag-luis-macamo"],"jetpack_featured_media_url":"https:\/\/ihapari.com\/wp-content\/uploads\/2024\/03\/Screenshot_20240324-151908_Instagram.jpg","_links":{"self":[{"href":"https:\/\/ihapari.com\/en\/wp-json\/wp\/v2\/posts\/62733","targetHints":{"allow":["GET"]}}],"collection":[{"href":"https:\/\/ihapari.com\/en\/wp-json\/wp\/v2\/posts"}],"about":[{"href":"https:\/\/ihapari.com\/en\/wp-json\/wp\/v2\/types\/post"}],"author":[{"embeddable":true,"href":"https:\/\/ihapari.com\/en\/wp-json\/wp\/v2\/users\/3"}],"replies":[{"embeddable":true,"href":"https:\/\/ihapari.com\/en\/wp-json\/wp\/v2\/comments?post=62733"}],"version-history":[{"count":1,"href":"https:\/\/ihapari.com\/en\/wp-json\/wp\/v2\/posts\/62733\/revisions"}],"predecessor-version":[{"id":62735,"href":"https:\/\/ihapari.com\/en\/wp-json\/wp\/v2\/posts\/62733\/revisions\/62735"}],"wp:featuredmedia":[{"embeddable":true,"href":"https:\/\/ihapari.com\/en\/wp-json\/wp\/v2\/media\/62734"}],"wp:attachment":[{"href":"https:\/\/ihapari.com\/en\/wp-json\/wp\/v2\/media?parent=62733"}],"wp:term":[{"taxonomy":"category","embeddable":true,"href":"https:\/\/ihapari.com\/en\/wp-json\/wp\/v2\/categories?post=62733"},{"taxonomy":"post_tag","embeddable":true,"href":"https:\/\/ihapari.com\/en\/wp-json\/wp\/v2\/tags?post=62733"}],"curies":[{"name":"wp","href":"https:\/\/api.w.org\/{rel}","templated":true}]}}