{"id":62637,"date":"2024-03-22T08:03:21","date_gmt":"2024-03-22T06:03:21","guid":{"rendered":"https:\/\/ihapari.com\/?p=62637"},"modified":"2024-03-22T08:03:21","modified_gmt":"2024-03-22T06:03:21","slug":"mc-tru-fa-fa-encontra-o-icone-da-musica-mocambicana-ildo-ferreira-em-lisboa","status":"publish","type":"post","link":"https:\/\/ihapari.com\/en\/mc-tru-fa-fa-encontra-o-icone-da-musica-mocambicana-ildo-ferreira-em-lisboa\/","title":{"rendered":"Mc Tru Fa Fa Encontra o \u00cdcone da M\u00fasica Mo\u00e7ambicana Ildo Ferreira em Lisboa"},"content":{"rendered":"<p>Ap\u00f3s uma emocionante jornada pela Fran\u00e7a, Mc Tru Fa Fa, o renomado artista mo\u00e7ambicano, partiu rumo a Portugal, onde viveu um momento especial ao se encontrar com um verdadeiro gigante da m\u00fasica mo\u00e7ambicana, Ildo Ferreira.<\/p>\n<p>Mc Tru Fa Fa compartilhou a emo\u00e7\u00e3o desse encontro em uma postagem tocante em sua p\u00e1gina do Facebook: &#8220;Hoje foi um dia t\u00e3o especial, depois da minha jornada tive a oportunidade de visitar um Grande Sr. da M\u00fasica Mo\u00e7ambicana em Lisboa TIO ILDO FERREIRA&#8221;. Essas palavras n\u00e3o apenas capturam a import\u00e2ncia do encontro, mas tamb\u00e9m revelam o profundo respeito e admira\u00e7\u00e3o que Mc Tru Fa Fa tem por Ildo Ferreira.<\/p>\n<p>O encontro entre esses dois talentos mo\u00e7ambicanos em solo portugu\u00eas n\u00e3o foi apenas um momento casual, mas sim um encontro de mentes e cora\u00e7\u00f5es apaixonados pela m\u00fasica e pela cultura de seu pa\u00eds. Durante essa visita especial, \u00e9 poss\u00edvel imaginar que Mc Tru Fa Fa e Ildo Ferreira compartilharam hist\u00f3rias, experi\u00eancias e talvez at\u00e9 mesmo planejaram colabora\u00e7\u00f5es futuras, fortalecendo os la\u00e7os entre eles e enriquecendo ainda mais o cen\u00e1rio musical mo\u00e7ambicano.<\/p>\n<p>Ildo Ferreira, com sua longa carreira e contribui\u00e7\u00f5es significativas para a m\u00fasica mo\u00e7ambicana, \u00e9 um verdadeiro \u00edcone em seu campo, e o encontro com ele certamente deixou uma marca indel\u00e9vel em Mc Tru Fa Fa.<\/p>","protected":false},"excerpt":{"rendered":"<p>Ap\u00f3s uma emocionante jornada pela Fran\u00e7a, Mc Tru Fa Fa, o renomado artista mo\u00e7ambicano, partiu rumo a Portugal, onde viveu um momento especial ao se encontrar com um verdadeiro gigante da m\u00fasica mo\u00e7ambicana, Ildo Ferreira. Mc Tru Fa Fa compartilhou a emo\u00e7\u00e3o desse encontro em uma postagem tocante em sua p\u00e1gina do Facebook: &#8220;Hoje foi [&hellip;]<\/p>","protected":false},"author":3,"featured_media":62638,"comment_status":"open","ping_status":"closed","sticky":false,"template":"","format":"standard","meta":{"footnotes":""},"categories":[30],"tags":[37],"class_list":["post-62637","post","type-post","status-publish","format-standard","has-post-thumbnail","hentry","category-entretenimento","tag-luis-macamo"],"jetpack_featured_media_url":"https:\/\/ihapari.com\/wp-content\/uploads\/2024\/03\/Screenshot_20240322-071934_Lite.jpg","_links":{"self":[{"href":"https:\/\/ihapari.com\/en\/wp-json\/wp\/v2\/posts\/62637","targetHints":{"allow":["GET"]}}],"collection":[{"href":"https:\/\/ihapari.com\/en\/wp-json\/wp\/v2\/posts"}],"about":[{"href":"https:\/\/ihapari.com\/en\/wp-json\/wp\/v2\/types\/post"}],"author":[{"embeddable":true,"href":"https:\/\/ihapari.com\/en\/wp-json\/wp\/v2\/users\/3"}],"replies":[{"embeddable":true,"href":"https:\/\/ihapari.com\/en\/wp-json\/wp\/v2\/comments?post=62637"}],"version-history":[{"count":1,"href":"https:\/\/ihapari.com\/en\/wp-json\/wp\/v2\/posts\/62637\/revisions"}],"predecessor-version":[{"id":62639,"href":"https:\/\/ihapari.com\/en\/wp-json\/wp\/v2\/posts\/62637\/revisions\/62639"}],"wp:featuredmedia":[{"embeddable":true,"href":"https:\/\/ihapari.com\/en\/wp-json\/wp\/v2\/media\/62638"}],"wp:attachment":[{"href":"https:\/\/ihapari.com\/en\/wp-json\/wp\/v2\/media?parent=62637"}],"wp:term":[{"taxonomy":"category","embeddable":true,"href":"https:\/\/ihapari.com\/en\/wp-json\/wp\/v2\/categories?post=62637"},{"taxonomy":"post_tag","embeddable":true,"href":"https:\/\/ihapari.com\/en\/wp-json\/wp\/v2\/tags?post=62637"}],"curies":[{"name":"wp","href":"https:\/\/api.w.org\/{rel}","templated":true}]}}