{"id":62602,"date":"2024-03-21T14:50:49","date_gmt":"2024-03-21T12:50:49","guid":{"rendered":"https:\/\/ihapari.com\/?p=62602"},"modified":"2024-03-21T14:50:49","modified_gmt":"2024-03-21T12:50:49","slug":"preocupacoes-dos-fas-com-a-aparencia-de-killua-rafael-levantam-questoes-sobre-sua-saude","status":"publish","type":"post","link":"https:\/\/ihapari.com\/en\/preocupacoes-dos-fas-com-a-aparencia-de-killua-rafael-levantam-questoes-sobre-sua-saude\/","title":{"rendered":"Preocupa\u00e7\u00f5es dos f\u00e3s com a apar\u00eancia de Killua Rafael levantam quest\u00f5es sobre sua sa\u00fade"},"content":{"rendered":"<p>Nos \u00faltimos dias, o cantor Killua Rafael tem deixado seus f\u00e3s preocupados ao compartilhar fotos que mostram uma apar\u00eancia significativamente diferente do habitual. Essa preocupa\u00e7\u00e3o atingiu um novo patamar quando uma nova foto foi postada em sua p\u00e1gina do Facebook, mostrando uma mudan\u00e7a dr\u00e1stica em seu visual.<\/p>\n<p>Coment\u00e1rios de f\u00e3s expressaram choque e preocupa\u00e7\u00e3o com a transforma\u00e7\u00e3o f\u00edsica de Killua Rafael, questionando se ele estaria enfrentando problemas de sa\u00fade ou passando por algum tipo de dificuldade. Alguns admiradores at\u00e9 mesmo sugeriram que a pessoa na foto n\u00e3o era o verdadeiro Killua Rafael.<\/p>\n<p>Essa mudan\u00e7a repentina levanta quest\u00f5es sobre a sa\u00fade e bem-estar do artista, deixando os f\u00e3s ansiosos por respostas. Ser\u00e1 que essa \u00e9 uma transforma\u00e7\u00e3o tempor\u00e1ria ou h\u00e1 quest\u00f5es mais s\u00e9rias em jogo? A verdadeira raz\u00e3o por tr\u00e1s dessa mudan\u00e7a de apar\u00eancia permanece incerta, mas os f\u00e3s aguardam ansiosamente por atualiza\u00e7\u00f5es sobre a situa\u00e7\u00e3o de seu \u00eddolo.<\/p>","protected":false},"excerpt":{"rendered":"<p>Nos \u00faltimos dias, o cantor Killua Rafael tem deixado seus f\u00e3s preocupados ao compartilhar fotos que mostram uma apar\u00eancia significativamente diferente do habitual. Essa preocupa\u00e7\u00e3o atingiu um novo patamar quando uma nova foto foi postada em sua p\u00e1gina do Facebook, mostrando uma mudan\u00e7a dr\u00e1stica em seu visual. Coment\u00e1rios de f\u00e3s expressaram choque e preocupa\u00e7\u00e3o com [&hellip;]<\/p>","protected":false},"author":3,"featured_media":62603,"comment_status":"open","ping_status":"open","sticky":false,"template":"","format":"standard","meta":{"footnotes":""},"categories":[30],"tags":[37],"class_list":["post-62602","post","type-post","status-publish","format-standard","has-post-thumbnail","hentry","category-entretenimento","tag-luis-macamo"],"jetpack_featured_media_url":"https:\/\/ihapari.com\/wp-content\/uploads\/2024\/03\/Screenshot_20240321-143917_Lite.jpg","_links":{"self":[{"href":"https:\/\/ihapari.com\/en\/wp-json\/wp\/v2\/posts\/62602","targetHints":{"allow":["GET"]}}],"collection":[{"href":"https:\/\/ihapari.com\/en\/wp-json\/wp\/v2\/posts"}],"about":[{"href":"https:\/\/ihapari.com\/en\/wp-json\/wp\/v2\/types\/post"}],"author":[{"embeddable":true,"href":"https:\/\/ihapari.com\/en\/wp-json\/wp\/v2\/users\/3"}],"replies":[{"embeddable":true,"href":"https:\/\/ihapari.com\/en\/wp-json\/wp\/v2\/comments?post=62602"}],"version-history":[{"count":1,"href":"https:\/\/ihapari.com\/en\/wp-json\/wp\/v2\/posts\/62602\/revisions"}],"predecessor-version":[{"id":62604,"href":"https:\/\/ihapari.com\/en\/wp-json\/wp\/v2\/posts\/62602\/revisions\/62604"}],"wp:featuredmedia":[{"embeddable":true,"href":"https:\/\/ihapari.com\/en\/wp-json\/wp\/v2\/media\/62603"}],"wp:attachment":[{"href":"https:\/\/ihapari.com\/en\/wp-json\/wp\/v2\/media?parent=62602"}],"wp:term":[{"taxonomy":"category","embeddable":true,"href":"https:\/\/ihapari.com\/en\/wp-json\/wp\/v2\/categories?post=62602"},{"taxonomy":"post_tag","embeddable":true,"href":"https:\/\/ihapari.com\/en\/wp-json\/wp\/v2\/tags?post=62602"}],"curies":[{"name":"wp","href":"https:\/\/api.w.org\/{rel}","templated":true}]}}