{"id":62598,"date":"2024-03-21T13:26:45","date_gmt":"2024-03-21T11:26:45","guid":{"rendered":"https:\/\/ihapari.com\/?p=62598"},"modified":"2024-03-21T13:26:45","modified_gmt":"2024-03-21T11:26:45","slug":"o-dono-do-hit-tru-fa-fa-que-fez-bastante-sucesso-a-nivel-nacional-encontra-se-na-franca","status":"publish","type":"post","link":"https:\/\/ihapari.com\/en\/o-dono-do-hit-tru-fa-fa-que-fez-bastante-sucesso-a-nivel-nacional-encontra-se-na-franca\/","title":{"rendered":"O dono do hit &#8220;Tru fa fa&#8221; que fez bastante sucesso a n\u00edvel nacional encontra-se na Fran\u00e7a"},"content":{"rendered":"<p>O dono do hit &#8220;Tru fa fa&#8221;, que conquistou o cora\u00e7\u00e3o dos mo\u00e7ambicanos e se tornou um sucesso nacional, est\u00e1 agora fazendo sua marca na cena internacional. Mc Tru fa fa foi al\u00e9m das fronteiras de Mo\u00e7ambique e encontra-se na Europa, mais especificamente na Fran\u00e7a, onde est\u00e1 imerso em uma s\u00e9rie de experi\u00eancias culturais e oportunidades emocionantes.<\/p>\n<p>A jornada de Mc Tru fa fa pela Fran\u00e7a n\u00e3o se limita apenas \u00e0 m\u00fasica, mas abrange uma variedade de atividades culturais e visitas importantes. Uma das paradas significativas em sua viagem foi na embaixada de Mo\u00e7ambique na Fran\u00e7a, onde teve a oportunidade de representar seu pa\u00eds e compartilhar sua arte com uma audi\u00eancia internacional.<\/p>\n<p>Al\u00e9m disso, Mc Tru fa fa aproveitou ao m\u00e1ximo sua estadia na Fran\u00e7a explorando os pontos tur\u00edsticos e a rica hist\u00f3ria do pa\u00eds. Uma das experi\u00eancias destacadas foi a visita a Torre Eiffel, uma jornada pela paisagem deslumbrante e cidades encantadoras que comp\u00f5em este destino europeu ic\u00f4nico.<\/p>","protected":false},"excerpt":{"rendered":"<p>O dono do hit &#8220;Tru fa fa&#8221;, que conquistou o cora\u00e7\u00e3o dos mo\u00e7ambicanos e se tornou um sucesso nacional, est\u00e1 agora fazendo sua marca na cena internacional. Mc Tru fa fa foi al\u00e9m das fronteiras de Mo\u00e7ambique e encontra-se na Europa, mais especificamente na Fran\u00e7a, onde est\u00e1 imerso em uma s\u00e9rie de experi\u00eancias culturais e [&hellip;]<\/p>","protected":false},"author":3,"featured_media":62600,"comment_status":"open","ping_status":"open","sticky":false,"template":"","format":"standard","meta":{"footnotes":""},"categories":[30],"tags":[37],"class_list":["post-62598","post","type-post","status-publish","format-standard","has-post-thumbnail","hentry","category-entretenimento","tag-luis-macamo"],"jetpack_featured_media_url":"https:\/\/ihapari.com\/wp-content\/uploads\/2024\/03\/Screenshot_20240321-123718_Lite-1.jpg","_links":{"self":[{"href":"https:\/\/ihapari.com\/en\/wp-json\/wp\/v2\/posts\/62598","targetHints":{"allow":["GET"]}}],"collection":[{"href":"https:\/\/ihapari.com\/en\/wp-json\/wp\/v2\/posts"}],"about":[{"href":"https:\/\/ihapari.com\/en\/wp-json\/wp\/v2\/types\/post"}],"author":[{"embeddable":true,"href":"https:\/\/ihapari.com\/en\/wp-json\/wp\/v2\/users\/3"}],"replies":[{"embeddable":true,"href":"https:\/\/ihapari.com\/en\/wp-json\/wp\/v2\/comments?post=62598"}],"version-history":[{"count":1,"href":"https:\/\/ihapari.com\/en\/wp-json\/wp\/v2\/posts\/62598\/revisions"}],"predecessor-version":[{"id":62601,"href":"https:\/\/ihapari.com\/en\/wp-json\/wp\/v2\/posts\/62598\/revisions\/62601"}],"wp:featuredmedia":[{"embeddable":true,"href":"https:\/\/ihapari.com\/en\/wp-json\/wp\/v2\/media\/62600"}],"wp:attachment":[{"href":"https:\/\/ihapari.com\/en\/wp-json\/wp\/v2\/media?parent=62598"}],"wp:term":[{"taxonomy":"category","embeddable":true,"href":"https:\/\/ihapari.com\/en\/wp-json\/wp\/v2\/categories?post=62598"},{"taxonomy":"post_tag","embeddable":true,"href":"https:\/\/ihapari.com\/en\/wp-json\/wp\/v2\/tags?post=62598"}],"curies":[{"name":"wp","href":"https:\/\/api.w.org\/{rel}","templated":true}]}}