{"id":62595,"date":"2024-03-21T12:19:19","date_gmt":"2024-03-21T10:19:19","guid":{"rendered":"https:\/\/ihapari.com\/?p=62595"},"modified":"2024-03-21T12:19:19","modified_gmt":"2024-03-21T10:19:19","slug":"mr-bow-chega-a-cidade-tete-para-celebrar-os-65-anos-da-provincia","status":"publish","type":"post","link":"https:\/\/ihapari.com\/en\/mr-bow-chega-a-cidade-tete-para-celebrar-os-65-anos-da-provincia\/","title":{"rendered":"Mr.Bow chega a cidade Tete para celebrar os 65 Anos da Prov\u00edncia"},"content":{"rendered":"<p>O renomado m\u00fasico mo\u00e7ambicano, j\u00e1 est\u00e1 na cidade, pronto para se juntar \u00e0s comemora\u00e7\u00f5es e deixar sua marca em um evento t\u00e3o significativo.<\/p>\n<p>Sua chegada \u00e0 cidade de Tete foi anunciada com alegria para seus f\u00e3s e seguidores, transmitindo uma mensagem de celebra\u00e7\u00e3o da vida e conex\u00e3o com sua fam\u00edlia e ra\u00edzes. Acompanhado pela Vodacom Mo\u00e7ambique, Mr.Bow n\u00e3o apenas traz consigo sua m\u00fasica contagiante, mas tamb\u00e9m uma profunda rever\u00eancia pela cultura e hist\u00f3ria da prov\u00edncia.<\/p>\n<p>Ap\u00f3s um r\u00e1pido voo de duas horas da capital, Mr.Bow j\u00e1 est\u00e1 imerso na atmosfera vibrante de Tete, pronto para se envolver em eventos festivos e interagir com a comunidade local. Sua presen\u00e7a nesta ocasi\u00e3o especial \u00e9 uma prova de seu compromisso com suas ra\u00edzes e seu desejo de compartilhar alegria e gratid\u00e3o com aqueles ao seu redor.<\/p>\n<p>Enquanto Tete celebra seu passado e olha para o futuro com esperan\u00e7a, a presen\u00e7a de Mr.Bow adiciona um toque de magia \u00e0 ocasi\u00e3o.<\/p>\n<p>\u00c0 medida que as festividades se desenrolam e a cidade se enche de m\u00fasica, dan\u00e7a e alegria, Mr.Bow se destaca como uma inspira\u00e7\u00e3o para todos os mo\u00e7ambicanos, lembrando-nos da import\u00e2ncia de celebrar a cultura, a fam\u00edlia e as conex\u00f5es que nos unem.<\/p>\n<p>Que a presen\u00e7a de Mr.Bow em Tete durante este marco de 65 anos seja apenas o come\u00e7o de uma jornada de prosperidade, unidade e celebra\u00e7\u00e3o para a prov\u00edncia e para todo o pa\u00eds.<\/p>","protected":false},"excerpt":{"rendered":"<p>O renomado m\u00fasico mo\u00e7ambicano, j\u00e1 est\u00e1 na cidade, pronto para se juntar \u00e0s comemora\u00e7\u00f5es e deixar sua marca em um evento t\u00e3o significativo. Sua chegada \u00e0 cidade de Tete foi anunciada com alegria para seus f\u00e3s e seguidores, transmitindo uma mensagem de celebra\u00e7\u00e3o da vida e conex\u00e3o com sua fam\u00edlia e ra\u00edzes. Acompanhado pela Vodacom [&hellip;]<\/p>","protected":false},"author":3,"featured_media":62596,"comment_status":"open","ping_status":"open","sticky":false,"template":"","format":"standard","meta":{"footnotes":""},"categories":[30],"tags":[37],"class_list":["post-62595","post","type-post","status-publish","format-standard","has-post-thumbnail","hentry","category-entretenimento","tag-luis-macamo"],"jetpack_featured_media_url":"https:\/\/ihapari.com\/wp-content\/uploads\/2024\/03\/Screenshot_20240321-115635_Lite.jpg","_links":{"self":[{"href":"https:\/\/ihapari.com\/en\/wp-json\/wp\/v2\/posts\/62595","targetHints":{"allow":["GET"]}}],"collection":[{"href":"https:\/\/ihapari.com\/en\/wp-json\/wp\/v2\/posts"}],"about":[{"href":"https:\/\/ihapari.com\/en\/wp-json\/wp\/v2\/types\/post"}],"author":[{"embeddable":true,"href":"https:\/\/ihapari.com\/en\/wp-json\/wp\/v2\/users\/3"}],"replies":[{"embeddable":true,"href":"https:\/\/ihapari.com\/en\/wp-json\/wp\/v2\/comments?post=62595"}],"version-history":[{"count":1,"href":"https:\/\/ihapari.com\/en\/wp-json\/wp\/v2\/posts\/62595\/revisions"}],"predecessor-version":[{"id":62597,"href":"https:\/\/ihapari.com\/en\/wp-json\/wp\/v2\/posts\/62595\/revisions\/62597"}],"wp:featuredmedia":[{"embeddable":true,"href":"https:\/\/ihapari.com\/en\/wp-json\/wp\/v2\/media\/62596"}],"wp:attachment":[{"href":"https:\/\/ihapari.com\/en\/wp-json\/wp\/v2\/media?parent=62595"}],"wp:term":[{"taxonomy":"category","embeddable":true,"href":"https:\/\/ihapari.com\/en\/wp-json\/wp\/v2\/categories?post=62595"},{"taxonomy":"post_tag","embeddable":true,"href":"https:\/\/ihapari.com\/en\/wp-json\/wp\/v2\/tags?post=62595"}],"curies":[{"name":"wp","href":"https:\/\/api.w.org\/{rel}","templated":true}]}}