{"id":62576,"date":"2024-03-21T08:20:58","date_gmt":"2024-03-21T06:20:58","guid":{"rendered":"https:\/\/ihapari.com\/?p=62576"},"modified":"2024-03-21T08:20:58","modified_gmt":"2024-03-21T06:20:58","slug":"ivo-mahel-e-mr-bow-a-caminho-da-provincia-de-tete-para-mais-uma-edicao-da-caravana-de-sucesso-do-programa-mocambique-em-concerto","status":"publish","type":"post","link":"https:\/\/ihapari.com\/en\/ivo-mahel-e-mr-bow-a-caminho-da-provincia-de-tete-para-mais-uma-edicao-da-caravana-de-sucesso-do-programa-mocambique-em-concerto\/","title":{"rendered":"Ivo Mahel e Mr.Bow a caminho da prov\u00edncia de Tete para mais uma edi\u00e7\u00e3o da Caravana de sucesso do programa &#8220;Mo\u00e7ambique em Concerto&#8221;"},"content":{"rendered":"<p>Ap\u00f3s uma calorosa rece\u00e7\u00e3o na cidade de Quelimane, a Caravana de Sucesso, uma iniciativa do aclamado programa &#8220;Mo\u00e7ambique em Concerto&#8221;, agora parte rumo \u00e0 Prov\u00edncia de Tete. Nesta emocionante jornada, o carism\u00e1tico Ivo Mahel e o renomado cantor Mr.Bow, junto com a equipe da TV Sucesso, embarcaram nesta manh\u00e3 em dire\u00e7\u00e3o ao cora\u00e7\u00e3o do pa\u00eds.<\/p>\n<p>A prov\u00edncia de Tete, situada no centro de Mo\u00e7ambique, aguarda ansiosamente pela chegada deste evento de grande magnitude. No pr\u00f3ximo domingo, est\u00e1 programada mais uma edi\u00e7\u00e3o da Caravana de Sucesso, prometendo um espet\u00e1culo inesquec\u00edvel para todos os presentes. Al\u00e9m do talentoso Mr.Bow, outros artistas de renome, como Dj Ardiles, ir\u00e3o abrilhantar o palco com suas performances vibrantes.<\/p>\n<p>A Caravana de Sucesso n\u00e3o \u00e9 apenas um evento de entretenimento, mas tamb\u00e9m uma oportunidade para celebrar a rica diversidade cultural de Mo\u00e7ambique e promover a uni\u00e3o entre as diversas regi\u00f5es do pa\u00eds. \u00c9 um momento de festa, m\u00fasica e alegria, onde as comunidades locais se re\u00fanem para compartilhar experi\u00eancias e celebrar a arte mo\u00e7ambicana.<\/p>\n<p>Ao longo de sua trajet\u00f3ria, o Programa Mo\u00e7ambique em Concerto tem sido um importante catalisador para o desenvolvimento cultural do pa\u00eds, proporcionando uma plataforma para talentos emergentes e estabelecidos. A Caravana de Sucesso \u00e9 apenas mais um exemplo do compromisso cont\u00ednuo do programa em promover a excel\u00eancia art\u00edstica e a identidade cultural de Mo\u00e7ambique.<\/p>\n<p>N\u00e3o perca esta emocionante edi\u00e7\u00e3o da Caravana de Sucesso, onde a magia da m\u00fasica se encontra com a beleza de Tete, num espet\u00e1culo que promete encantar e inspirar a todos.<\/p>","protected":false},"excerpt":{"rendered":"<p>Ap\u00f3s uma calorosa rece\u00e7\u00e3o na cidade de Quelimane, a Caravana de Sucesso, uma iniciativa do aclamado programa &#8220;Mo\u00e7ambique em Concerto&#8221;, agora parte rumo \u00e0 Prov\u00edncia de Tete. Nesta emocionante jornada, o carism\u00e1tico Ivo Mahel e o renomado cantor Mr.Bow, junto com a equipe da TV Sucesso, embarcaram nesta manh\u00e3 em dire\u00e7\u00e3o ao cora\u00e7\u00e3o do pa\u00eds. [&hellip;]<\/p>","protected":false},"author":3,"featured_media":62577,"comment_status":"open","ping_status":"open","sticky":false,"template":"","format":"standard","meta":{"footnotes":""},"categories":[30],"tags":[37],"class_list":["post-62576","post","type-post","status-publish","format-standard","has-post-thumbnail","hentry","category-entretenimento","tag-luis-macamo"],"jetpack_featured_media_url":"https:\/\/ihapari.com\/wp-content\/uploads\/2024\/03\/Screenshot_20240321-074554_Lite.jpg","_links":{"self":[{"href":"https:\/\/ihapari.com\/en\/wp-json\/wp\/v2\/posts\/62576","targetHints":{"allow":["GET"]}}],"collection":[{"href":"https:\/\/ihapari.com\/en\/wp-json\/wp\/v2\/posts"}],"about":[{"href":"https:\/\/ihapari.com\/en\/wp-json\/wp\/v2\/types\/post"}],"author":[{"embeddable":true,"href":"https:\/\/ihapari.com\/en\/wp-json\/wp\/v2\/users\/3"}],"replies":[{"embeddable":true,"href":"https:\/\/ihapari.com\/en\/wp-json\/wp\/v2\/comments?post=62576"}],"version-history":[{"count":1,"href":"https:\/\/ihapari.com\/en\/wp-json\/wp\/v2\/posts\/62576\/revisions"}],"predecessor-version":[{"id":62578,"href":"https:\/\/ihapari.com\/en\/wp-json\/wp\/v2\/posts\/62576\/revisions\/62578"}],"wp:featuredmedia":[{"embeddable":true,"href":"https:\/\/ihapari.com\/en\/wp-json\/wp\/v2\/media\/62577"}],"wp:attachment":[{"href":"https:\/\/ihapari.com\/en\/wp-json\/wp\/v2\/media?parent=62576"}],"wp:term":[{"taxonomy":"category","embeddable":true,"href":"https:\/\/ihapari.com\/en\/wp-json\/wp\/v2\/categories?post=62576"},{"taxonomy":"post_tag","embeddable":true,"href":"https:\/\/ihapari.com\/en\/wp-json\/wp\/v2\/tags?post=62576"}],"curies":[{"name":"wp","href":"https:\/\/api.w.org\/{rel}","templated":true}]}}