{"id":62571,"date":"2024-03-20T23:30:02","date_gmt":"2024-03-20T21:30:02","guid":{"rendered":"https:\/\/ihapari.com\/?p=62571"},"modified":"2024-03-20T23:30:02","modified_gmt":"2024-03-20T21:30:02","slug":"a-familia-faife-celebra-o-amor-e-a-alegria-com-uma-foto-especial","status":"publish","type":"post","link":"https:\/\/ihapari.com\/en\/a-familia-faife-celebra-o-amor-e-a-alegria-com-uma-foto-especial\/","title":{"rendered":"A Fam\u00edlia Faife Celebra o Amor e a Alegria com uma Foto Especial"},"content":{"rendered":"<p>O apresentador e locutor mo\u00e7ambicano, S\u00e9rgio Faife, aqueceu os cora\u00e7\u00f5es de seus seguidores nas redes sociais ao compartilhar uma foto encantadora de sua fam\u00edlia. Na imagem, Faife, junto com sua esposa e filhos, \u00e9 visto admirando sua &#8220;pessoinha&#8221; mais especial, a ador\u00e1vel Vit\u00f3ria.<\/p>\n<p>Na legenda emocionante, Faife expressou sua profunda admira\u00e7\u00e3o pela sua filha, destacando o poder transformador das crian\u00e7as em nossas vidas. &#8220;As crian\u00e7as t\u00eam o poder m\u00e1gico de transformar o ambiente ao nosso redor, s\u00e3o a ALEGRIA e a for\u00e7a motriz das nossas vidas, verdadeiros anjinhos. Amor puro e incondicional! \u2764\ufe0f&#8221;, escreveu Faife.<\/p>\n<p>A imagem, carregada de ternura e amor familiar, capturou um momento precioso de uni\u00e3o e felicidade. Na era das redes sociais, onde muitas vezes somos bombardeados por not\u00edcias negativas, a foto da Fam\u00edlia Faife serve como um lembrete reconfortante do poder do amor e da alegria que podem ser encontrados nas pequenas coisas da vida.<\/p>\n<p>Al\u00e9m de emocionar os seguidores, a foto tamb\u00e9m inspira reflex\u00e3o sobre a import\u00e2ncia da fam\u00edlia e dos momentos compartilhados juntos. Faife e sua fam\u00edlia s\u00e3o um exemplo inspirador de como o amor e o apoio m\u00fatuo podem criar la\u00e7os inquebr\u00e1veis \u200b\u200be nutrir o esp\u00edrito humano.<\/p>","protected":false},"excerpt":{"rendered":"<p>O apresentador e locutor mo\u00e7ambicano, S\u00e9rgio Faife, aqueceu os cora\u00e7\u00f5es de seus seguidores nas redes sociais ao compartilhar uma foto encantadora de sua fam\u00edlia. Na imagem, Faife, junto com sua esposa e filhos, \u00e9 visto admirando sua &#8220;pessoinha&#8221; mais especial, a ador\u00e1vel Vit\u00f3ria. Na legenda emocionante, Faife expressou sua profunda admira\u00e7\u00e3o pela sua filha, destacando [&hellip;]<\/p>","protected":false},"author":3,"featured_media":62572,"comment_status":"open","ping_status":"open","sticky":false,"template":"","format":"standard","meta":{"footnotes":""},"categories":[30],"tags":[51],"class_list":["post-62571","post","type-post","status-publish","format-standard","has-post-thumbnail","hentry","category-entretenimento","tag-anuar-macamo"],"jetpack_featured_media_url":"https:\/\/ihapari.com\/wp-content\/uploads\/2024\/03\/Screenshot_20240320-231939_Lite.jpg","_links":{"self":[{"href":"https:\/\/ihapari.com\/en\/wp-json\/wp\/v2\/posts\/62571","targetHints":{"allow":["GET"]}}],"collection":[{"href":"https:\/\/ihapari.com\/en\/wp-json\/wp\/v2\/posts"}],"about":[{"href":"https:\/\/ihapari.com\/en\/wp-json\/wp\/v2\/types\/post"}],"author":[{"embeddable":true,"href":"https:\/\/ihapari.com\/en\/wp-json\/wp\/v2\/users\/3"}],"replies":[{"embeddable":true,"href":"https:\/\/ihapari.com\/en\/wp-json\/wp\/v2\/comments?post=62571"}],"version-history":[{"count":1,"href":"https:\/\/ihapari.com\/en\/wp-json\/wp\/v2\/posts\/62571\/revisions"}],"predecessor-version":[{"id":62573,"href":"https:\/\/ihapari.com\/en\/wp-json\/wp\/v2\/posts\/62571\/revisions\/62573"}],"wp:featuredmedia":[{"embeddable":true,"href":"https:\/\/ihapari.com\/en\/wp-json\/wp\/v2\/media\/62572"}],"wp:attachment":[{"href":"https:\/\/ihapari.com\/en\/wp-json\/wp\/v2\/media?parent=62571"}],"wp:term":[{"taxonomy":"category","embeddable":true,"href":"https:\/\/ihapari.com\/en\/wp-json\/wp\/v2\/categories?post=62571"},{"taxonomy":"post_tag","embeddable":true,"href":"https:\/\/ihapari.com\/en\/wp-json\/wp\/v2\/tags?post=62571"}],"curies":[{"name":"wp","href":"https:\/\/api.w.org\/{rel}","templated":true}]}}