{"id":62535,"date":"2024-03-20T09:42:26","date_gmt":"2024-03-20T07:42:26","guid":{"rendered":"https:\/\/ihapari.com\/?p=62535"},"modified":"2024-03-20T09:42:26","modified_gmt":"2024-03-20T07:42:26","slug":"neyma-alfredo-unica-mocambicana-entre-os-dez-artistas-mais-ouvidos-em-angola-na-primeira-quinzena-de-marco","status":"publish","type":"post","link":"https:\/\/ihapari.com\/en\/neyma-alfredo-unica-mocambicana-entre-os-dez-artistas-mais-ouvidos-em-angola-na-primeira-quinzena-de-marco\/","title":{"rendered":"NEYMA ALFREDO \u00daNICA MO\u00c7AMBICANA ENTRE OS DEZ ARTISTAS MAIS OUVIDOS EM ANGOLA NA PRIMEIRA QUINZENA DE MAR\u00c7O"},"content":{"rendered":"<p>Neyma Alfredo \u00e9 a \u00fanica artista mo\u00e7ambicana na lista dos mais ouvidos nas r\u00e1dios e TV em Angola segundo Audac na primeira quinzena de Mar\u00e7o. Seu \u00faltimo trabalho musical foi o EP &#8220;Xtilo Xa Neyma&#8221;, lan\u00e7ado em 2022, contendo 4 faixas in\u00e9ditas.<\/p>\n<p>A &#8220;Diva da Marrabenta e da Capulana&#8221; como a nossa cantora \u00e9 conhecida, mais uma vez eleva a bandeira nacional ao constar no top 10 dos artista mais ouvidos em Angola nesta primeira quinzena e sendo a \u00fanica mo\u00e7ambicana na lista, Neyma Alfredo consta dela lista com as 4 faixas da sua \u00faltima EP lan\u00e7ada em 2020 com o t\u00edtulo &#8220;Xtilo Xa Neyma &#8221; composta com os seguintes temas musicais: &#8211; Xtilo Xa Neyma que faz ao lado do Ziqo da Silva, &#8211; Da lhe Mais, &#8211; Probulema e &#8211; Mulher Feliz.<\/p>\n<p>Real\u00e7ar que Neyma Alfredo \u00e9 actualmente apresentadora de televis\u00e3o, fazendo parte do programa &#8220;Manh\u00e3s Alegres&#8221; com S\u00e9rgio Faife e Juliana, onde foi desvendada mais uma das suas facetas e talento e tem acumulado v\u00e1rios elogios por parte dos seus seguidores e admiradores que algumas ocasi\u00f5es pedem a artista para trazer mais trabalhos musicais com frequ\u00eancia para alimentar a sua paix\u00e3o que \u00e9 maior pela Marrabenta feita de forma \u00fanica e caracter\u00edstica pela diva Neyma Alfredo.<\/p>","protected":false},"excerpt":{"rendered":"<p>Neyma Alfredo \u00e9 a \u00fanica artista mo\u00e7ambicana na lista dos mais ouvidos nas r\u00e1dios e TV em Angola segundo Audac na primeira quinzena de Mar\u00e7o. Seu \u00faltimo trabalho musical foi o EP &#8220;Xtilo Xa Neyma&#8221;, lan\u00e7ado em 2022, contendo 4 faixas in\u00e9ditas. A &#8220;Diva da Marrabenta e da Capulana&#8221; como a nossa cantora \u00e9 conhecida, [&hellip;]<\/p>","protected":false},"author":3,"featured_media":62536,"comment_status":"open","ping_status":"open","sticky":false,"template":"","format":"standard","meta":{"footnotes":""},"categories":[30],"tags":[51],"class_list":["post-62535","post","type-post","status-publish","format-standard","has-post-thumbnail","hentry","category-entretenimento","tag-anuar-macamo"],"jetpack_featured_media_url":"https:\/\/ihapari.com\/wp-content\/uploads\/2024\/03\/IMG-20240320-WA0007.jpg","_links":{"self":[{"href":"https:\/\/ihapari.com\/en\/wp-json\/wp\/v2\/posts\/62535","targetHints":{"allow":["GET"]}}],"collection":[{"href":"https:\/\/ihapari.com\/en\/wp-json\/wp\/v2\/posts"}],"about":[{"href":"https:\/\/ihapari.com\/en\/wp-json\/wp\/v2\/types\/post"}],"author":[{"embeddable":true,"href":"https:\/\/ihapari.com\/en\/wp-json\/wp\/v2\/users\/3"}],"replies":[{"embeddable":true,"href":"https:\/\/ihapari.com\/en\/wp-json\/wp\/v2\/comments?post=62535"}],"version-history":[{"count":1,"href":"https:\/\/ihapari.com\/en\/wp-json\/wp\/v2\/posts\/62535\/revisions"}],"predecessor-version":[{"id":62537,"href":"https:\/\/ihapari.com\/en\/wp-json\/wp\/v2\/posts\/62535\/revisions\/62537"}],"wp:featuredmedia":[{"embeddable":true,"href":"https:\/\/ihapari.com\/en\/wp-json\/wp\/v2\/media\/62536"}],"wp:attachment":[{"href":"https:\/\/ihapari.com\/en\/wp-json\/wp\/v2\/media?parent=62535"}],"wp:term":[{"taxonomy":"category","embeddable":true,"href":"https:\/\/ihapari.com\/en\/wp-json\/wp\/v2\/categories?post=62535"},{"taxonomy":"post_tag","embeddable":true,"href":"https:\/\/ihapari.com\/en\/wp-json\/wp\/v2\/tags?post=62535"}],"curies":[{"name":"wp","href":"https:\/\/api.w.org\/{rel}","templated":true}]}}