{"id":62523,"date":"2024-03-19T22:03:35","date_gmt":"2024-03-19T20:03:35","guid":{"rendered":"https:\/\/ihapari.com\/?p=62523"},"modified":"2024-03-19T22:03:35","modified_gmt":"2024-03-19T20:03:35","slug":"o-dia-e-dedicado-aos-pais-mais-a-mocambicana-diana-ossifo-que-leva-a-sua-vida-em-brasil-aparece-nas-redes-sociais-partilhando-uma-sessao-de-fotos-encantando-seus-seguidores","status":"publish","type":"post","link":"https:\/\/ihapari.com\/en\/o-dia-e-dedicado-aos-pais-mais-a-mocambicana-diana-ossifo-que-leva-a-sua-vida-em-brasil-aparece-nas-redes-sociais-partilhando-uma-sessao-de-fotos-encantando-seus-seguidores\/","title":{"rendered":"O dia \u00e9 dedicado aos pais mais a mo\u00e7ambicana Diana Ossifo, que leva a sua vida em Brasil, aparece nas redes sociais partilhando, uma sess\u00e3o de fotos, encantando seus seguidores"},"content":{"rendered":"<p>Diana Ossifo, uma mulher de origem mo\u00e7ambicana que encontrou seu lar no Brasil, tr\u00e1s um toque especial ao Dia dos Pais deste ano. Em meio \u00e0s celebra\u00e7\u00f5es ao redor do mundo, ela optou por compartilhar uma sess\u00e3o de fotos nas redes sociais, proporcionando aos seus seguidores um vislumbre de sua vida e personalidade vibrante.<\/p>\n<p>As fotos compartilhadas por Diana Ossifo capturaram sua beleza natural e sua eleg\u00e2ncia \u00fanica, destacando n\u00e3o apenas sua apar\u00eancia deslumbrante, mas tamb\u00e9m sua personalidade cativante. Ela irradiava confian\u00e7a e estilo, refletindo uma mulher que est\u00e1 confort\u00e1vel em sua pr\u00f3pria pele e que abra\u00e7a a vida com entusiasmo e determina\u00e7\u00e3o.<\/p>\n<p>Enquanto muitos associam o Dia dos Pais exclusivamente \u00e0 figura paterna, Diana Ossifo aproveitou a oportunidade para celebrar o amor e a conex\u00e3o familiar de uma maneira \u00fanica. Sua mensagem transcendeu fronteiras e culturas, lembrando a todos n\u00f3s da import\u00e2ncia de valorizar e celebrar nossos entes queridos, independentemente de onde estejamos no mundo.<\/p>","protected":false},"excerpt":{"rendered":"<p>Diana Ossifo, uma mulher de origem mo\u00e7ambicana que encontrou seu lar no Brasil, tr\u00e1s um toque especial ao Dia dos Pais deste ano. Em meio \u00e0s celebra\u00e7\u00f5es ao redor do mundo, ela optou por compartilhar uma sess\u00e3o de fotos nas redes sociais, proporcionando aos seus seguidores um vislumbre de sua vida e personalidade vibrante. As [&hellip;]<\/p>","protected":false},"author":3,"featured_media":62524,"comment_status":"open","ping_status":"open","sticky":false,"template":"","format":"standard","meta":{"footnotes":""},"categories":[30],"tags":[37],"class_list":["post-62523","post","type-post","status-publish","format-standard","has-post-thumbnail","hentry","category-entretenimento","tag-luis-macamo"],"jetpack_featured_media_url":"https:\/\/ihapari.com\/wp-content\/uploads\/2024\/03\/Screenshot_20240319-214945_Lite.jpg","_links":{"self":[{"href":"https:\/\/ihapari.com\/en\/wp-json\/wp\/v2\/posts\/62523","targetHints":{"allow":["GET"]}}],"collection":[{"href":"https:\/\/ihapari.com\/en\/wp-json\/wp\/v2\/posts"}],"about":[{"href":"https:\/\/ihapari.com\/en\/wp-json\/wp\/v2\/types\/post"}],"author":[{"embeddable":true,"href":"https:\/\/ihapari.com\/en\/wp-json\/wp\/v2\/users\/3"}],"replies":[{"embeddable":true,"href":"https:\/\/ihapari.com\/en\/wp-json\/wp\/v2\/comments?post=62523"}],"version-history":[{"count":1,"href":"https:\/\/ihapari.com\/en\/wp-json\/wp\/v2\/posts\/62523\/revisions"}],"predecessor-version":[{"id":62525,"href":"https:\/\/ihapari.com\/en\/wp-json\/wp\/v2\/posts\/62523\/revisions\/62525"}],"wp:featuredmedia":[{"embeddable":true,"href":"https:\/\/ihapari.com\/en\/wp-json\/wp\/v2\/media\/62524"}],"wp:attachment":[{"href":"https:\/\/ihapari.com\/en\/wp-json\/wp\/v2\/media?parent=62523"}],"wp:term":[{"taxonomy":"category","embeddable":true,"href":"https:\/\/ihapari.com\/en\/wp-json\/wp\/v2\/categories?post=62523"},{"taxonomy":"post_tag","embeddable":true,"href":"https:\/\/ihapari.com\/en\/wp-json\/wp\/v2\/tags?post=62523"}],"curies":[{"name":"wp","href":"https:\/\/api.w.org\/{rel}","templated":true}]}}