{"id":62409,"date":"2024-03-18T11:14:46","date_gmt":"2024-03-18T09:14:46","guid":{"rendered":"https:\/\/ihapari.com\/?p=62409"},"modified":"2024-03-18T11:14:46","modified_gmt":"2024-03-18T09:14:46","slug":"ziqo-celebrando-a-autenticidade-africana","status":"publish","type":"post","link":"https:\/\/ihapari.com\/en\/ziqo-celebrando-a-autenticidade-africana\/","title":{"rendered":"Ziqo: Celebrando a Autenticidade Africana"},"content":{"rendered":"<p>O renomado m\u00fasico mo\u00e7ambicano Ziqo mais uma vez cativou seus seguidores nas redes sociais com uma foto que irradia autenticidade e orgulho africano. Na imagem, ele \u00e9 visto vestindo um traje tradicional africano, encarnando n\u00e3o apenas um estilo de moda, mas tamb\u00e9m uma conex\u00e3o profunda com suas ra\u00edzes culturais.<\/p>\n<p>Os coment\u00e1rios efusivos dos seguidores refletem o carinho e admira\u00e7\u00e3o que o p\u00fablico tem por Ziqo. Mensagens como &#8220;Aquela autenticidade bem top&#8230; Muitos parab\u00e9ns por sempre mostrar que n\u00e3o sofre de Complexidade&#8230;!!&#8221;, &#8220;O m\u00fasico mais popular de Mo\u00e7ambique, Parab\u00e9ns Ziqo&#8221;, &#8220;\ud83d\udcaa Este sim \u00e9 africano&#8221; e &#8220;Grande homem&#8221; destacam n\u00e3o apenas sua popularidade, mas tamb\u00e9m sua habilidade em representar e celebrar a identidade africana com orgulho e dignidade.<\/p>\n<p>Al\u00e9m de sua contribui\u00e7\u00e3o para a cena musical mo\u00e7ambicana, Ziqo tamb\u00e9m \u00e9 admirado por sua atitude humilde e sua dedica\u00e7\u00e3o em promover uma mensagem positiva de amor, respeito e unidade. Sua presen\u00e7a nas redes sociais n\u00e3o apenas entret\u00e9m seus f\u00e3s, mas tamb\u00e9m inspira uma nova gera\u00e7\u00e3o de artistas e admiradores a abra\u00e7ar suas pr\u00f3prias identidades culturais com confian\u00e7a e orgulho.<\/p>","protected":false},"excerpt":{"rendered":"<p>O renomado m\u00fasico mo\u00e7ambicano Ziqo mais uma vez cativou seus seguidores nas redes sociais com uma foto que irradia autenticidade e orgulho africano. Na imagem, ele \u00e9 visto vestindo um traje tradicional africano, encarnando n\u00e3o apenas um estilo de moda, mas tamb\u00e9m uma conex\u00e3o profunda com suas ra\u00edzes culturais. Os coment\u00e1rios efusivos dos seguidores refletem [&hellip;]<\/p>","protected":false},"author":3,"featured_media":62411,"comment_status":"open","ping_status":"open","sticky":false,"template":"","format":"standard","meta":{"footnotes":""},"categories":[30],"tags":[37],"class_list":["post-62409","post","type-post","status-publish","format-standard","has-post-thumbnail","hentry","category-entretenimento","tag-luis-macamo"],"jetpack_featured_media_url":"https:\/\/ihapari.com\/wp-content\/uploads\/2024\/03\/Screenshot_20240318-110805_Lite.jpg","_links":{"self":[{"href":"https:\/\/ihapari.com\/en\/wp-json\/wp\/v2\/posts\/62409","targetHints":{"allow":["GET"]}}],"collection":[{"href":"https:\/\/ihapari.com\/en\/wp-json\/wp\/v2\/posts"}],"about":[{"href":"https:\/\/ihapari.com\/en\/wp-json\/wp\/v2\/types\/post"}],"author":[{"embeddable":true,"href":"https:\/\/ihapari.com\/en\/wp-json\/wp\/v2\/users\/3"}],"replies":[{"embeddable":true,"href":"https:\/\/ihapari.com\/en\/wp-json\/wp\/v2\/comments?post=62409"}],"version-history":[{"count":1,"href":"https:\/\/ihapari.com\/en\/wp-json\/wp\/v2\/posts\/62409\/revisions"}],"predecessor-version":[{"id":62412,"href":"https:\/\/ihapari.com\/en\/wp-json\/wp\/v2\/posts\/62409\/revisions\/62412"}],"wp:featuredmedia":[{"embeddable":true,"href":"https:\/\/ihapari.com\/en\/wp-json\/wp\/v2\/media\/62411"}],"wp:attachment":[{"href":"https:\/\/ihapari.com\/en\/wp-json\/wp\/v2\/media?parent=62409"}],"wp:term":[{"taxonomy":"category","embeddable":true,"href":"https:\/\/ihapari.com\/en\/wp-json\/wp\/v2\/categories?post=62409"},{"taxonomy":"post_tag","embeddable":true,"href":"https:\/\/ihapari.com\/en\/wp-json\/wp\/v2\/tags?post=62409"}],"curies":[{"name":"wp","href":"https:\/\/api.w.org\/{rel}","templated":true}]}}