{"id":62264,"date":"2024-03-15T10:49:23","date_gmt":"2024-03-15T08:49:23","guid":{"rendered":"https:\/\/ihapari.com\/?p=62264"},"modified":"2024-03-15T10:49:23","modified_gmt":"2024-03-15T08:49:23","slug":"cleyton-david-ja-esta-na-cidade-do-porto-em-portugal-onde-na-noite-de-hoje-vai-abrilhantar-os-seus-fas-com-uma-performance","status":"publish","type":"post","link":"https:\/\/ihapari.com\/en\/cleyton-david-ja-esta-na-cidade-do-porto-em-portugal-onde-na-noite-de-hoje-vai-abrilhantar-os-seus-fas-com-uma-performance\/","title":{"rendered":"Cleyton David, j\u00e1 est\u00e1 na cidade do Porto em Portugal onde na noite de hoje vai abrilhantar os seus f\u00e3s com uma performance"},"content":{"rendered":"<p>Acompanhado de sua equipe, Cleyton David j\u00e1 est\u00e1 na cidade, aguardando ansiosamente o momento de subir ao palco e cativar o p\u00fablico com sua m\u00fasica envolvente e sua presen\u00e7a magn\u00e9tica. Cleyton promete uma performance emocionante, que ser\u00e1 o seu segundo show naquele pa\u00eds europeu neste ano de 2024.<\/p>\n<p>\u00c9 importante lembrar que, no \u00faltimo dia 09, Cleyton David emocionou os f\u00e3s de Lisboa ao lado da talentosa Tamyris Moiane, em uma apresenta\u00e7\u00e3o especial no Armaz\u00e9m 18, celebrando o Dia Internacional da Mulher. Agora, \u00e9 a vez da cidade do Porto receber o brilho e o talento desse artista incr\u00edvel.<\/p>\n<p>Com cada performance, Cleyton David continua a solidificar seu lugar como uma das estrelas em ascens\u00e3o da cena musical mo\u00e7ambicana. Sua capacidade de conectar-se com o p\u00fablico transcende fronteiras, levando sua m\u00fasica e sua mensagem a novos horizontes.<\/p>\n<p>\u00c0 medida que aguardamos ansiosamente o in\u00edcio do show desta noite, \u00e9 evidente que Cleyton David est\u00e1 destinado a deixar uma marca indel\u00e9vel na m\u00fasica, n\u00e3o apenas em Mo\u00e7ambique, mas tamb\u00e9m al\u00e9m das fronteiras de seu pa\u00eds natal. E para os f\u00e3s na cidade do Porto, esta noite promete ser uma celebra\u00e7\u00e3o da arte, da cultura e da paix\u00e3o pela m\u00fasica, tudo isso gra\u00e7as ao talento incompar\u00e1vel de Cleyton David.<\/p>","protected":false},"excerpt":{"rendered":"<p>Acompanhado de sua equipe, Cleyton David j\u00e1 est\u00e1 na cidade, aguardando ansiosamente o momento de subir ao palco e cativar o p\u00fablico com sua m\u00fasica envolvente e sua presen\u00e7a magn\u00e9tica. Cleyton promete uma performance emocionante, que ser\u00e1 o seu segundo show naquele pa\u00eds europeu neste ano de 2024. \u00c9 importante lembrar que, no \u00faltimo dia [&hellip;]<\/p>","protected":false},"author":3,"featured_media":62265,"comment_status":"open","ping_status":"open","sticky":false,"template":"","format":"standard","meta":{"footnotes":""},"categories":[30],"tags":[37],"class_list":["post-62264","post","type-post","status-publish","format-standard","has-post-thumbnail","hentry","category-entretenimento","tag-luis-macamo"],"jetpack_featured_media_url":"https:\/\/ihapari.com\/wp-content\/uploads\/2024\/03\/Screenshot_20240315-102313_Instagram.jpg","_links":{"self":[{"href":"https:\/\/ihapari.com\/en\/wp-json\/wp\/v2\/posts\/62264","targetHints":{"allow":["GET"]}}],"collection":[{"href":"https:\/\/ihapari.com\/en\/wp-json\/wp\/v2\/posts"}],"about":[{"href":"https:\/\/ihapari.com\/en\/wp-json\/wp\/v2\/types\/post"}],"author":[{"embeddable":true,"href":"https:\/\/ihapari.com\/en\/wp-json\/wp\/v2\/users\/3"}],"replies":[{"embeddable":true,"href":"https:\/\/ihapari.com\/en\/wp-json\/wp\/v2\/comments?post=62264"}],"version-history":[{"count":1,"href":"https:\/\/ihapari.com\/en\/wp-json\/wp\/v2\/posts\/62264\/revisions"}],"predecessor-version":[{"id":62266,"href":"https:\/\/ihapari.com\/en\/wp-json\/wp\/v2\/posts\/62264\/revisions\/62266"}],"wp:featuredmedia":[{"embeddable":true,"href":"https:\/\/ihapari.com\/en\/wp-json\/wp\/v2\/media\/62265"}],"wp:attachment":[{"href":"https:\/\/ihapari.com\/en\/wp-json\/wp\/v2\/media?parent=62264"}],"wp:term":[{"taxonomy":"category","embeddable":true,"href":"https:\/\/ihapari.com\/en\/wp-json\/wp\/v2\/categories?post=62264"},{"taxonomy":"post_tag","embeddable":true,"href":"https:\/\/ihapari.com\/en\/wp-json\/wp\/v2\/tags?post=62264"}],"curies":[{"name":"wp","href":"https:\/\/api.w.org\/{rel}","templated":true}]}}