{"id":62208,"date":"2024-03-14T12:37:53","date_gmt":"2024-03-14T10:37:53","guid":{"rendered":"https:\/\/ihapari.com\/?p=62208"},"modified":"2024-03-14T12:37:53","modified_gmt":"2024-03-14T10:37:53","slug":"akeem-matsinhe-encanta-as-redes-sociais-ao-compartilhar-fotos-do-seu-filho-com-keta","status":"publish","type":"post","link":"https:\/\/ihapari.com\/en\/akeem-matsinhe-encanta-as-redes-sociais-ao-compartilhar-fotos-do-seu-filho-com-keta\/","title":{"rendered":"Akeem Matsinhe Encanta as Redes Sociais ao Compartilhar Fotos do Seu Filho com Keta"},"content":{"rendered":"<p>Natarde e hoje, Akeem Matsinhe emocionou os internautas ao compartilhar fotos do seu filho primog\u00eanito nas redes sociais, desencadeando uma onda de elogios e admira\u00e7\u00e3o por parte dos seguidores. As imagens capturaram a do\u00e7ura e a beleza do menino, levando os espectadores a expressar palavras de carinho e apre\u00e7o pela fam\u00edlia.<\/p>\n<p>Coment\u00e1rios como &#8220;O herdeiro do pai, lindo menino&#8221; e &#8220;Lindo, tudo pronto para ser um herdeiro&#8221; inundaram as postagens, refletindo o encantamento e a admira\u00e7\u00e3o dos f\u00e3s pelo filho de Akeem. A not\u00e1vel conex\u00e3o entre pai e filho transparece nas fotografias, revelando um v\u00ednculo especial e amoroso que aquece os cora\u00e7\u00f5es dos espectadores.<\/p>\n<p>Na legenda das fotos, Akeem compartilhou suas reflex\u00f5es sobre a paternidade, escrevendo: &#8220;Um dos meus maiores desafios da VIDA: &#8216;MENTORAR VOC\u00ca COM EXCEL\u00caNCIA FILHO'&#8221;. Essas palavras ecoam o compromisso de Akeem em orientar e apoiar seu filho com dedica\u00e7\u00e3o e excel\u00eancia, destacando a import\u00e2ncia desse papel fundamental na vida de ambos.<\/p>\n<p>Ao revelar esse aspecto \u00edntimo de sua vida familiar, Akeem Matsinhe n\u00e3o apenas mostra seu orgulho e amor pelo seu filho, mas tamb\u00e9m inspira outros pais e m\u00e3es a valorizarem e celebrarem os momentos preciosos ao lado de suas pr\u00f3prias fam\u00edlias.<\/p>","protected":false},"excerpt":{"rendered":"<p>Natarde e hoje, Akeem Matsinhe emocionou os internautas ao compartilhar fotos do seu filho primog\u00eanito nas redes sociais, desencadeando uma onda de elogios e admira\u00e7\u00e3o por parte dos seguidores. As imagens capturaram a do\u00e7ura e a beleza do menino, levando os espectadores a expressar palavras de carinho e apre\u00e7o pela fam\u00edlia. Coment\u00e1rios como &#8220;O herdeiro [&hellip;]<\/p>","protected":false},"author":3,"featured_media":62209,"comment_status":"open","ping_status":"open","sticky":false,"template":"","format":"standard","meta":{"footnotes":""},"categories":[30],"tags":[37],"class_list":["post-62208","post","type-post","status-publish","format-standard","has-post-thumbnail","hentry","category-entretenimento","tag-luis-macamo"],"jetpack_featured_media_url":"https:\/\/ihapari.com\/wp-content\/uploads\/2024\/03\/Screenshot_20240314-122749_Lite.jpg","_links":{"self":[{"href":"https:\/\/ihapari.com\/en\/wp-json\/wp\/v2\/posts\/62208","targetHints":{"allow":["GET"]}}],"collection":[{"href":"https:\/\/ihapari.com\/en\/wp-json\/wp\/v2\/posts"}],"about":[{"href":"https:\/\/ihapari.com\/en\/wp-json\/wp\/v2\/types\/post"}],"author":[{"embeddable":true,"href":"https:\/\/ihapari.com\/en\/wp-json\/wp\/v2\/users\/3"}],"replies":[{"embeddable":true,"href":"https:\/\/ihapari.com\/en\/wp-json\/wp\/v2\/comments?post=62208"}],"version-history":[{"count":1,"href":"https:\/\/ihapari.com\/en\/wp-json\/wp\/v2\/posts\/62208\/revisions"}],"predecessor-version":[{"id":62210,"href":"https:\/\/ihapari.com\/en\/wp-json\/wp\/v2\/posts\/62208\/revisions\/62210"}],"wp:featuredmedia":[{"embeddable":true,"href":"https:\/\/ihapari.com\/en\/wp-json\/wp\/v2\/media\/62209"}],"wp:attachment":[{"href":"https:\/\/ihapari.com\/en\/wp-json\/wp\/v2\/media?parent=62208"}],"wp:term":[{"taxonomy":"category","embeddable":true,"href":"https:\/\/ihapari.com\/en\/wp-json\/wp\/v2\/categories?post=62208"},{"taxonomy":"post_tag","embeddable":true,"href":"https:\/\/ihapari.com\/en\/wp-json\/wp\/v2\/tags?post=62208"}],"curies":[{"name":"wp","href":"https:\/\/api.w.org\/{rel}","templated":true}]}}