{"id":62153,"date":"2024-03-13T21:16:18","date_gmt":"2024-03-13T19:16:18","guid":{"rendered":"https:\/\/ihapari.com\/?p=62153"},"modified":"2024-03-13T21:16:18","modified_gmt":"2024-03-13T19:16:18","slug":"valter-artistico-a-caminho-de-portugal","status":"publish","type":"post","link":"https:\/\/ihapari.com\/en\/valter-artistico-a-caminho-de-portugal\/","title":{"rendered":"Valter Art\u00edstico a caminho de Portugal"},"content":{"rendered":"<p>O talentoso cantor mo\u00e7ambicano Valter Art\u00edstico est\u00e1 prestes a atravessar o oceano Atl\u00e2ntico para uma apresenta\u00e7\u00e3o especial em Portugal. Com um show agendado para o dia 12 de abril, o artista promete encantar o p\u00fablico portugu\u00eas com sua m\u00fasica envolvente e carisma ineg\u00e1vel.<\/p>\n<p>O local escolhido para a performance de Valter Art\u00edstico \u00e9 o prestigiado Armaz\u00e9m 18, um espa\u00e7o que recentemente recebeu a dupla Tamyris Moiane e Cleyton David, no dia 09 do \u00faltimo m\u00eas. Este local tem se tornado uma refer\u00eancia para artistas mo\u00e7ambicanos em solo portugu\u00eas, proporcionando uma plataforma importante para a difus\u00e3o da cultura musical do pa\u00eds africano.<\/p>\n<p>O an\u00fancio da ida de Valter Art\u00edstico para Portugal foi feito atrav\u00e9s de um v\u00eddeo divulgado na tarde de hoje, gerando grande expectativa entre seus f\u00e3s e admiradores. Com uma crescente abertura para a m\u00fasica mo\u00e7ambicana na Europa neste ano de 2024, a visita de Valter Art\u00edstico representa mais uma oportunidade de estreitar os la\u00e7os culturais entre Mo\u00e7ambique e Portugal.<\/p>\n<p>Valter Art\u00edstico, conhecido por sua voz cativante e suas performances energ\u00e9ticas, \u00e9 um dos principais expoentes da m\u00fasica mo\u00e7ambicana contempor\u00e2nea. Com uma carreira s\u00f3lida e uma base de f\u00e3s fi\u00e9is, ele tem conquistado cada vez mais reconhecimento n\u00e3o s\u00f3 em Mo\u00e7ambique, mas tamb\u00e9m al\u00e9m-fronteiras.<\/p>\n<p>Para os f\u00e3s de Valter Art\u00edstico em Portugal e para todos aqueles que apreciam boa m\u00fasica, o dia 12 de abril promete ser uma data imperd\u00edvel. Preparem-se para uma noite repleta de ritmo, emo\u00e7\u00e3o e alegria, com a m\u00fasica vibrante e contagiante deste talentoso artista mo\u00e7ambicano.<\/p>","protected":false},"excerpt":{"rendered":"<p>O talentoso cantor mo\u00e7ambicano Valter Art\u00edstico est\u00e1 prestes a atravessar o oceano Atl\u00e2ntico para uma apresenta\u00e7\u00e3o especial em Portugal. Com um show agendado para o dia 12 de abril, o artista promete encantar o p\u00fablico portugu\u00eas com sua m\u00fasica envolvente e carisma ineg\u00e1vel. O local escolhido para a performance de Valter Art\u00edstico \u00e9 o prestigiado [&hellip;]<\/p>","protected":false},"author":3,"featured_media":62154,"comment_status":"open","ping_status":"open","sticky":false,"template":"","format":"standard","meta":{"footnotes":""},"categories":[30],"tags":[37],"class_list":["post-62153","post","type-post","status-publish","format-standard","has-post-thumbnail","hentry","category-entretenimento","tag-luis-macamo"],"jetpack_featured_media_url":"https:\/\/ihapari.com\/wp-content\/uploads\/2024\/03\/Screenshot_20240313-211519_Lite.jpg","_links":{"self":[{"href":"https:\/\/ihapari.com\/en\/wp-json\/wp\/v2\/posts\/62153","targetHints":{"allow":["GET"]}}],"collection":[{"href":"https:\/\/ihapari.com\/en\/wp-json\/wp\/v2\/posts"}],"about":[{"href":"https:\/\/ihapari.com\/en\/wp-json\/wp\/v2\/types\/post"}],"author":[{"embeddable":true,"href":"https:\/\/ihapari.com\/en\/wp-json\/wp\/v2\/users\/3"}],"replies":[{"embeddable":true,"href":"https:\/\/ihapari.com\/en\/wp-json\/wp\/v2\/comments?post=62153"}],"version-history":[{"count":1,"href":"https:\/\/ihapari.com\/en\/wp-json\/wp\/v2\/posts\/62153\/revisions"}],"predecessor-version":[{"id":62155,"href":"https:\/\/ihapari.com\/en\/wp-json\/wp\/v2\/posts\/62153\/revisions\/62155"}],"wp:featuredmedia":[{"embeddable":true,"href":"https:\/\/ihapari.com\/en\/wp-json\/wp\/v2\/media\/62154"}],"wp:attachment":[{"href":"https:\/\/ihapari.com\/en\/wp-json\/wp\/v2\/media?parent=62153"}],"wp:term":[{"taxonomy":"category","embeddable":true,"href":"https:\/\/ihapari.com\/en\/wp-json\/wp\/v2\/categories?post=62153"},{"taxonomy":"post_tag","embeddable":true,"href":"https:\/\/ihapari.com\/en\/wp-json\/wp\/v2\/tags?post=62153"}],"curies":[{"name":"wp","href":"https:\/\/api.w.org\/{rel}","templated":true}]}}