{"id":62080,"date":"2024-03-12T16:47:48","date_gmt":"2024-03-12T14:47:48","guid":{"rendered":"https:\/\/ihapari.com\/?p=62080"},"modified":"2024-03-12T16:47:48","modified_gmt":"2024-03-12T14:47:48","slug":"valdemiro-jose-e-neyma-alfredo-as-vozes-incomparaveis-da-musica-mocambicana","status":"publish","type":"post","link":"https:\/\/ihapari.com\/en\/valdemiro-jose-e-neyma-alfredo-as-vozes-incomparaveis-da-musica-mocambicana\/","title":{"rendered":"Valdemiro Jos\u00e9 e Neyma Alfredo: As Vozes Incompar\u00e1veis da M\u00fasica Mo\u00e7ambicana"},"content":{"rendered":"<p>Com trajet\u00f3rias distintas, mas igualmente impressionantes, esses dois artistas encantaram e continuam a encantar o p\u00fablico com seu talento ineg\u00e1vel e sua paix\u00e3o pela m\u00fasica.<\/p>\n<p>Valdemiro Jos\u00e9, com sua voz envolvente e letras profundas, conquistou os cora\u00e7\u00f5es de muitos mo\u00e7ambicanos. Desde os primeiros acordes, ele cativa com suas melodias que trazem reflex\u00e3o e emo\u00e7\u00e3o. Sua jornada na ind\u00fastria musical \u00e9 marcada por uma s\u00e9rie de sucessos que se tornaram parte da trilha sonora da vida de muitos. Com sua autenticidade e dedica\u00e7\u00e3o \u00e0 sua arte, Valdemiro Jos\u00e9 se estabeleceu como uma das figuras mais influentes e respeitadas da cena musical mo\u00e7ambicana.<\/p>\n<p>Por outro lado, Neyma Alfredo, com sua voz poderosa e presen\u00e7a de palco magn\u00e9tica, \u00e9 uma for\u00e7a a ser reconhecida na m\u00fasica mo\u00e7ambicana. Desde os primeiros passos na ind\u00fastria, ela impressionou com sua versatilidade e habilidade de se reinventar. Seu estilo \u00fanico e sua capacidade de conectar-se com o p\u00fablico garantiram-lhe um lugar de destaque na cena musical. Ao longo de sua carreira, Neyma n\u00e3o apenas produziu uma s\u00e9rie de sucessos, mas tamb\u00e9m inspirou uma legi\u00e3o de f\u00e3s com sua energia contagiante e seu compromisso com sua arte.<\/p>\n<p>Embora suas trajet\u00f3rias sejam distintas, Valdemiro Jos\u00e9 e Neyma Alfredo compartilham um amor profundo pela m\u00fasica e um compromisso inabal\u00e1vel em criar obras que toquem os cora\u00e7\u00f5es de seu p\u00fablico. Al\u00e9m disso, ambos t\u00eam utilizado suas plataformas nas redes sociais para compartilhar momentos memor\u00e1veis com seus seguidores, relembrando os sucessos que os consagraram e celebrando o poder da m\u00fasica como uma for\u00e7a unificadora.<\/p>\n<p>O legado de Valdemiro Jos\u00e9 e Neyma Alfredo na m\u00fasica mo\u00e7ambicana \u00e9 ineg\u00e1vel. Suas vozes continuam a ecoar nos cora\u00e7\u00f5es e mentes daqueles que t\u00eam o privil\u00e9gio de ouvi-las, inspirando uma nova gera\u00e7\u00e3o de artistas e elevando a cena musical de Mo\u00e7ambique a novos patamares de excel\u00eancia. Que essas duas estrelas continuem a brilhar intensamente, iluminando o caminho para o futuro da m\u00fasica em Mo\u00e7ambique.<\/p>","protected":false},"excerpt":{"rendered":"<p>Com trajet\u00f3rias distintas, mas igualmente impressionantes, esses dois artistas encantaram e continuam a encantar o p\u00fablico com seu talento ineg\u00e1vel e sua paix\u00e3o pela m\u00fasica. Valdemiro Jos\u00e9, com sua voz envolvente e letras profundas, conquistou os cora\u00e7\u00f5es de muitos mo\u00e7ambicanos. Desde os primeiros acordes, ele cativa com suas melodias que trazem reflex\u00e3o e emo\u00e7\u00e3o. Sua [&hellip;]<\/p>","protected":false},"author":3,"featured_media":62081,"comment_status":"open","ping_status":"open","sticky":false,"template":"","format":"standard","meta":{"footnotes":""},"categories":[30],"tags":[37],"class_list":["post-62080","post","type-post","status-publish","format-standard","has-post-thumbnail","hentry","category-entretenimento","tag-luis-macamo"],"jetpack_featured_media_url":"https:\/\/ihapari.com\/wp-content\/uploads\/2024\/03\/Screenshot_20240312-163641_Lite.jpg","_links":{"self":[{"href":"https:\/\/ihapari.com\/en\/wp-json\/wp\/v2\/posts\/62080","targetHints":{"allow":["GET"]}}],"collection":[{"href":"https:\/\/ihapari.com\/en\/wp-json\/wp\/v2\/posts"}],"about":[{"href":"https:\/\/ihapari.com\/en\/wp-json\/wp\/v2\/types\/post"}],"author":[{"embeddable":true,"href":"https:\/\/ihapari.com\/en\/wp-json\/wp\/v2\/users\/3"}],"replies":[{"embeddable":true,"href":"https:\/\/ihapari.com\/en\/wp-json\/wp\/v2\/comments?post=62080"}],"version-history":[{"count":1,"href":"https:\/\/ihapari.com\/en\/wp-json\/wp\/v2\/posts\/62080\/revisions"}],"predecessor-version":[{"id":62082,"href":"https:\/\/ihapari.com\/en\/wp-json\/wp\/v2\/posts\/62080\/revisions\/62082"}],"wp:featuredmedia":[{"embeddable":true,"href":"https:\/\/ihapari.com\/en\/wp-json\/wp\/v2\/media\/62081"}],"wp:attachment":[{"href":"https:\/\/ihapari.com\/en\/wp-json\/wp\/v2\/media?parent=62080"}],"wp:term":[{"taxonomy":"category","embeddable":true,"href":"https:\/\/ihapari.com\/en\/wp-json\/wp\/v2\/categories?post=62080"},{"taxonomy":"post_tag","embeddable":true,"href":"https:\/\/ihapari.com\/en\/wp-json\/wp\/v2\/tags?post=62080"}],"curies":[{"name":"wp","href":"https:\/\/api.w.org\/{rel}","templated":true}]}}