{"id":62062,"date":"2024-03-12T12:00:52","date_gmt":"2024-03-12T10:00:52","guid":{"rendered":"https:\/\/ihapari.com\/?p=62062"},"modified":"2024-03-12T12:00:52","modified_gmt":"2024-03-12T10:00:52","slug":"cleyton-david-dividindo-momentos-em-portugal-com-os-irmaos-de-gilmario-vemba-e-matias-damasio","status":"publish","type":"post","link":"https:\/\/ihapari.com\/en\/cleyton-david-dividindo-momentos-em-portugal-com-os-irmaos-de-gilmario-vemba-e-matias-damasio\/","title":{"rendered":"Cleyton David dividindo momentos em Portugal com os irm\u00e3os de GilM\u00e1rio Vemba e Matias Dam\u00e1sio"},"content":{"rendered":"<p>Entre os not\u00e1veis companheiros de jornada est\u00e3o Miro Vemba, Graciano Dam\u00e1sio e Scaitt Borrabeu, juntamente com outros jovens angolanos residentes no pa\u00eds.<\/p>\n<p>Atrav\u00e9s de sua conta no Instagram, Cleyton David tem compartilhado uma s\u00e9rie de momentos vividos em Portugal, proporcionando aos seus seguidores um vislumbre de sua experi\u00eancia. Vale ressaltar que o artista embarcou para Portugal no dia 08 deste m\u00eas, acompanhado por Tamires Moiane, para cumprir uma agenda de shows. Um desses eventos, em especial, ocorreu no dia 09 em celebra\u00e7\u00e3o ao Dia Internacional da Mulher, onde Cleyton David e sua equipe brilharam no palco, levando sua m\u00fasica e mensagem para um p\u00fablico diversificado e receptivo.<\/p>\n<p>Com sua presen\u00e7a marcante e talento ineg\u00e1vel, Cleyton David continua a conquistar admiradores n\u00e3o s\u00f3 em Mo\u00e7ambique, mas tamb\u00e9m em terras estrangeiras. Sua jornada em Portugal n\u00e3o apenas fortalece os la\u00e7os culturais entre os pa\u00edses lus\u00f3fonos, mas tamb\u00e9m amplia seu alcance como artista, mostrando que sua m\u00fasica transcende fronteiras e ressoa com pessoas de diferentes origens e nacionalidades.<\/p>\n<p>\u00c9 evidente que Cleyton David est\u00e1 aproveitando ao m\u00e1ximo sua estadia em Portugal, mergulhando na cultura local e compartilhando sua arte com uma audi\u00eancia global. Seus f\u00e3s aguardam ansiosamente por mais momentos inspiradores e apresenta\u00e7\u00f5es memor\u00e1veis deste talentoso artista mo\u00e7ambicano.<\/p>","protected":false},"excerpt":{"rendered":"<p>Entre os not\u00e1veis companheiros de jornada est\u00e3o Miro Vemba, Graciano Dam\u00e1sio e Scaitt Borrabeu, juntamente com outros jovens angolanos residentes no pa\u00eds. Atrav\u00e9s de sua conta no Instagram, Cleyton David tem compartilhado uma s\u00e9rie de momentos vividos em Portugal, proporcionando aos seus seguidores um vislumbre de sua experi\u00eancia. Vale ressaltar que o artista embarcou para [&hellip;]<\/p>","protected":false},"author":3,"featured_media":62063,"comment_status":"open","ping_status":"open","sticky":false,"template":"","format":"standard","meta":{"footnotes":""},"categories":[30],"tags":[37],"class_list":["post-62062","post","type-post","status-publish","format-standard","has-post-thumbnail","hentry","category-entretenimento","tag-luis-macamo"],"jetpack_featured_media_url":"https:\/\/ihapari.com\/wp-content\/uploads\/2024\/03\/Screenshot_20240312-115913_Lite.jpg","_links":{"self":[{"href":"https:\/\/ihapari.com\/en\/wp-json\/wp\/v2\/posts\/62062","targetHints":{"allow":["GET"]}}],"collection":[{"href":"https:\/\/ihapari.com\/en\/wp-json\/wp\/v2\/posts"}],"about":[{"href":"https:\/\/ihapari.com\/en\/wp-json\/wp\/v2\/types\/post"}],"author":[{"embeddable":true,"href":"https:\/\/ihapari.com\/en\/wp-json\/wp\/v2\/users\/3"}],"replies":[{"embeddable":true,"href":"https:\/\/ihapari.com\/en\/wp-json\/wp\/v2\/comments?post=62062"}],"version-history":[{"count":1,"href":"https:\/\/ihapari.com\/en\/wp-json\/wp\/v2\/posts\/62062\/revisions"}],"predecessor-version":[{"id":62064,"href":"https:\/\/ihapari.com\/en\/wp-json\/wp\/v2\/posts\/62062\/revisions\/62064"}],"wp:featuredmedia":[{"embeddable":true,"href":"https:\/\/ihapari.com\/en\/wp-json\/wp\/v2\/media\/62063"}],"wp:attachment":[{"href":"https:\/\/ihapari.com\/en\/wp-json\/wp\/v2\/media?parent=62062"}],"wp:term":[{"taxonomy":"category","embeddable":true,"href":"https:\/\/ihapari.com\/en\/wp-json\/wp\/v2\/categories?post=62062"},{"taxonomy":"post_tag","embeddable":true,"href":"https:\/\/ihapari.com\/en\/wp-json\/wp\/v2\/tags?post=62062"}],"curies":[{"name":"wp","href":"https:\/\/api.w.org\/{rel}","templated":true}]}}