{"id":62041,"date":"2024-03-11T21:55:48","date_gmt":"2024-03-11T19:55:48","guid":{"rendered":"https:\/\/ihapari.com\/?p=62041"},"modified":"2024-03-11T21:55:48","modified_gmt":"2024-03-11T19:55:48","slug":"refiller-boy-recebe-onda-de-apoio-apos-ser-pedido-pelo-publico-em-show-na-provincia-de-gaza","status":"publish","type":"post","link":"https:\/\/ihapari.com\/en\/refiller-boy-recebe-onda-de-apoio-apos-ser-pedido-pelo-publico-em-show-na-provincia-de-gaza\/","title":{"rendered":"Refiller Boy Recebe Onda de Apoio Ap\u00f3s Ser Pedido pelo P\u00fablico em Show na Prov\u00edncia de Gaza"},"content":{"rendered":"<p>Na recente celebra\u00e7\u00e3o das atividades culturais e desportivas na prov\u00edncia de Gaza, Mo\u00e7ambique, um momento especial destacou-se entre os presentes: o clamor entusi\u00e1stico do p\u00fablico pelo nome de Refiller Boy. Enquanto o evento reunia diversas modalidades desportivas e apresenta\u00e7\u00f5es musicais, o p\u00fablico presente fez ecoar sua voz, expressando o desejo de ver Refiller Boy participar da festa.<\/p>\n<p>A emo\u00e7\u00e3o da multid\u00e3o ficou evidente quando o coro de vozes ecoou pelo local, clamando pelo artista Refiller Boy, um dos \u00edcones da m\u00fasica mo\u00e7ambicana. O pedido fervoroso, &#8220;Hilava Refiller Boy&#8221;, foi amplamente compartilhado nas redes sociais, demonstrando o apoio e a admira\u00e7\u00e3o do p\u00fablico pelo talentoso cantor.<\/p>\n<p>Apesar de n\u00e3o ter estado presente no evento, Refiller Boy tomou conhecimento do amor e apoio expressos pelos f\u00e3s e seguidores. Em uma postagem emocionante em sua p\u00e1gina oficial do Facebook, o artista compartilhou o momento de euforia vivenciado pelo p\u00fablico e expressou sua gratid\u00e3o pelo apoio recebido.<\/p>\n<p>A resposta calorosa dos f\u00e3s n\u00e3o demorou a chegar, com mensagens de encorajamento e apoio inundando os coment\u00e1rios da publica\u00e7\u00e3o de Refiller Boy. Coment\u00e1rios como &#8220;\u00c9 isso mesmo que ouviu&#8221; e &#8220;\u00c9 isso mesmo, meu \u00eddolo, estamos juntos&#8221; refletem a conex\u00e3o especial entre o artista e seus admiradores, que continuam a apoi\u00e1-lo em sua jornada musical.<\/p>\n<p>O clamor pelo nome de Refiller Boy durante o evento na prov\u00edncia de Gaza \u00e9 um testemunho do impacto duradouro de sua m\u00fasica e de sua presen\u00e7a na cena cultural mo\u00e7ambicana. Sua habilidade de conectar-se com o p\u00fablico e inspirar emo\u00e7\u00f5es profundas atrav\u00e9s de suas can\u00e7\u00f5es \u00e9 uma prova de seu talento e carisma como artista.<\/p>\n<p>\u00c0 medida que Refiller Boy continua a ser uma figura influente na m\u00fasica mo\u00e7ambicana, \u00e9 evidente que seu legado transcende o palco, alcan\u00e7ando os cora\u00e7\u00f5es e mentes de seus admiradores. O apoio fervoroso demonstrado pelo p\u00fablico \u00e9 um lembrete do poder da m\u00fasica para unir as pessoas e criar la\u00e7os duradouros de comunidade e celebra\u00e7\u00e3o.<\/p>\n<p>Enquanto os aplausos e pedidos por Refiller Boy ecoam na prov\u00edncia de Gaza e al\u00e9m, \u00e9 certo que seu impacto na cultura mo\u00e7ambicana continuar\u00e1 a inspirar e encantar gera\u00e7\u00f5es futuras.<\/p>","protected":false},"excerpt":{"rendered":"<p>Na recente celebra\u00e7\u00e3o das atividades culturais e desportivas na prov\u00edncia de Gaza, Mo\u00e7ambique, um momento especial destacou-se entre os presentes: o clamor entusi\u00e1stico do p\u00fablico pelo nome de Refiller Boy. Enquanto o evento reunia diversas modalidades desportivas e apresenta\u00e7\u00f5es musicais, o p\u00fablico presente fez ecoar sua voz, expressando o desejo de ver Refiller Boy participar [&hellip;]<\/p>","protected":false},"author":3,"featured_media":62042,"comment_status":"open","ping_status":"open","sticky":false,"template":"","format":"standard","meta":{"footnotes":""},"categories":[30],"tags":[37],"class_list":["post-62041","post","type-post","status-publish","format-standard","has-post-thumbnail","hentry","category-entretenimento","tag-luis-macamo"],"jetpack_featured_media_url":"https:\/\/ihapari.com\/wp-content\/uploads\/2024\/03\/Screenshot_20240311-215344_Lite.jpg","_links":{"self":[{"href":"https:\/\/ihapari.com\/en\/wp-json\/wp\/v2\/posts\/62041","targetHints":{"allow":["GET"]}}],"collection":[{"href":"https:\/\/ihapari.com\/en\/wp-json\/wp\/v2\/posts"}],"about":[{"href":"https:\/\/ihapari.com\/en\/wp-json\/wp\/v2\/types\/post"}],"author":[{"embeddable":true,"href":"https:\/\/ihapari.com\/en\/wp-json\/wp\/v2\/users\/3"}],"replies":[{"embeddable":true,"href":"https:\/\/ihapari.com\/en\/wp-json\/wp\/v2\/comments?post=62041"}],"version-history":[{"count":1,"href":"https:\/\/ihapari.com\/en\/wp-json\/wp\/v2\/posts\/62041\/revisions"}],"predecessor-version":[{"id":62043,"href":"https:\/\/ihapari.com\/en\/wp-json\/wp\/v2\/posts\/62041\/revisions\/62043"}],"wp:featuredmedia":[{"embeddable":true,"href":"https:\/\/ihapari.com\/en\/wp-json\/wp\/v2\/media\/62042"}],"wp:attachment":[{"href":"https:\/\/ihapari.com\/en\/wp-json\/wp\/v2\/media?parent=62041"}],"wp:term":[{"taxonomy":"category","embeddable":true,"href":"https:\/\/ihapari.com\/en\/wp-json\/wp\/v2\/categories?post=62041"},{"taxonomy":"post_tag","embeddable":true,"href":"https:\/\/ihapari.com\/en\/wp-json\/wp\/v2\/tags?post=62041"}],"curies":[{"name":"wp","href":"https:\/\/api.w.org\/{rel}","templated":true}]}}