{"id":61990,"date":"2024-03-10T22:18:55","date_gmt":"2024-03-10T20:18:55","guid":{"rendered":"https:\/\/ihapari.com\/?p=61990"},"modified":"2024-03-10T22:18:55","modified_gmt":"2024-03-10T20:18:55","slug":"ivo-mahel-volta-a-fazer-dupla-com-gabriel-junior-no-mocambique-em-concerto","status":"publish","type":"post","link":"https:\/\/ihapari.com\/en\/ivo-mahel-volta-a-fazer-dupla-com-gabriel-junior-no-mocambique-em-concerto\/","title":{"rendered":"Ivo Mahel volta a fazer dupla com Gabriel J\u00fanior no Mo\u00e7ambique em Concerto"},"content":{"rendered":"<p>Ap\u00f3s uma apresenta\u00e7\u00e3o de sucesso na semana passada durante a caravana do programa em Quelimane, a dupla voltou a brilhar juntos neste \u00faltimo domingo, mais uma vez no palco do Mo\u00e7ambique em Concerto. A pergunta que fica \u00e9: ser\u00e1 que essa parceria continuar\u00e1 nos pr\u00f3ximos dias?<\/p>\n<p>A colabora\u00e7\u00e3o entre Ivo Mahel e Gabriel J\u00fanior tem sido uma fonte de alegria e entretenimento para o p\u00fablico, destacando-se pelo talento e qu\u00edmica entre os dois artistas. Sua performance conjunta durante a caravana em Quelimane foi aclamada pelos presentes, demonstrando n\u00e3o apenas habilidade musical, mas tamb\u00e9m uma conex\u00e3o especial que ressoou com a audi\u00eancia.<\/p>\n<p>Ao retornarem ao palco do Mo\u00e7ambique em Concerto neste \u00faltimo domingo, Ivo Mahel e Gabriel J\u00fanior mais uma vez demonstraram sua capacidade de cativar o p\u00fablico e oferecer momentos memor\u00e1veis de m\u00fasica e divers\u00e3o. Sua presen\u00e7a conjunta levanta a quest\u00e3o sobre a continuidade dessa parceria nos pr\u00f3ximos dias e eventos do programa.<\/p>\n<p>Os f\u00e3s e seguidores do Mo\u00e7ambique em Concerto certamente aguardam com expectativa por mais detalhes sobre futuras apresenta\u00e7\u00f5es e colabora\u00e7\u00f5es entre Ivo Mahel e Gabriel J\u00fanior. A possibilidade de mais momentos emocionantes e performances excepcionais est\u00e1 no horizonte, \u00e0 medida que essa dupla din\u00e2mica continua a deixar sua marca no cen\u00e1rio musical mo\u00e7ambicano.<\/p>\n<p>Enquanto aguardamos por atualiza\u00e7\u00f5es nos pr\u00f3ximos artigos, podemos apenas esperar que a parceria entre Ivo Mahel e Gabriel J\u00fanior perdure, trazendo mais m\u00fasica e alegria aos f\u00e3s do Mo\u00e7ambique em Concerto e al\u00e9m. Afinal, quando dois talentos se unem, o resultado \u00e9 sempre algo especial.<\/p>","protected":false},"excerpt":{"rendered":"<p>Ap\u00f3s uma apresenta\u00e7\u00e3o de sucesso na semana passada durante a caravana do programa em Quelimane, a dupla voltou a brilhar juntos neste \u00faltimo domingo, mais uma vez no palco do Mo\u00e7ambique em Concerto. A pergunta que fica \u00e9: ser\u00e1 que essa parceria continuar\u00e1 nos pr\u00f3ximos dias? A colabora\u00e7\u00e3o entre Ivo Mahel e Gabriel J\u00fanior tem [&hellip;]<\/p>","protected":false},"author":3,"featured_media":61991,"comment_status":"open","ping_status":"open","sticky":false,"template":"","format":"standard","meta":{"footnotes":""},"categories":[30],"tags":[37],"class_list":["post-61990","post","type-post","status-publish","format-standard","has-post-thumbnail","hentry","category-entretenimento","tag-luis-macamo"],"jetpack_featured_media_url":"https:\/\/ihapari.com\/wp-content\/uploads\/2024\/03\/Screenshot_20240310-221812_Lite.jpg","_links":{"self":[{"href":"https:\/\/ihapari.com\/en\/wp-json\/wp\/v2\/posts\/61990","targetHints":{"allow":["GET"]}}],"collection":[{"href":"https:\/\/ihapari.com\/en\/wp-json\/wp\/v2\/posts"}],"about":[{"href":"https:\/\/ihapari.com\/en\/wp-json\/wp\/v2\/types\/post"}],"author":[{"embeddable":true,"href":"https:\/\/ihapari.com\/en\/wp-json\/wp\/v2\/users\/3"}],"replies":[{"embeddable":true,"href":"https:\/\/ihapari.com\/en\/wp-json\/wp\/v2\/comments?post=61990"}],"version-history":[{"count":1,"href":"https:\/\/ihapari.com\/en\/wp-json\/wp\/v2\/posts\/61990\/revisions"}],"predecessor-version":[{"id":61992,"href":"https:\/\/ihapari.com\/en\/wp-json\/wp\/v2\/posts\/61990\/revisions\/61992"}],"wp:featuredmedia":[{"embeddable":true,"href":"https:\/\/ihapari.com\/en\/wp-json\/wp\/v2\/media\/61991"}],"wp:attachment":[{"href":"https:\/\/ihapari.com\/en\/wp-json\/wp\/v2\/media?parent=61990"}],"wp:term":[{"taxonomy":"category","embeddable":true,"href":"https:\/\/ihapari.com\/en\/wp-json\/wp\/v2\/categories?post=61990"},{"taxonomy":"post_tag","embeddable":true,"href":"https:\/\/ihapari.com\/en\/wp-json\/wp\/v2\/tags?post=61990"}],"curies":[{"name":"wp","href":"https:\/\/api.w.org\/{rel}","templated":true}]}}