{"id":61945,"date":"2024-03-09T21:18:47","date_gmt":"2024-03-09T19:18:47","guid":{"rendered":"https:\/\/ihapari.com\/?p=61945"},"modified":"2024-03-09T21:18:47","modified_gmt":"2024-03-09T19:18:47","slug":"uniao-entre-os-homens-da-comunicacao-em-mocambique-alem-das-fronteiras-das-emissoras","status":"publish","type":"post","link":"https:\/\/ihapari.com\/en\/uniao-entre-os-homens-da-comunicacao-em-mocambique-alem-das-fronteiras-das-emissoras\/","title":{"rendered":"Uni\u00e3o entre os Homens da Comunica\u00e7\u00e3o em Mo\u00e7ambique: Al\u00e9m das Fronteiras das Emissoras"},"content":{"rendered":"<p>Uma imagem recentemente compartilhada pelo jornalista Clemente Carlos, da TV Sucesso, est\u00e1 gerando reflex\u00f5es sobre a uni\u00e3o existente entre os profissionais da comunica\u00e7\u00e3o em Mo\u00e7ambique, mesmo representando emissoras diferentes. Na foto, Clemente Carlos aparece abra\u00e7ado ao jornalista Chirindza, da STV, evidenciando que, por detr\u00e1s das c\u00e2meras, h\u00e1 uma rela\u00e7\u00e3o de camaradagem e respeito m\u00fatuo entre os jornalistas do pa\u00eds.<\/p>\n<p>Esta imagem n\u00e3o apenas destaca a conex\u00e3o pessoal entre os profissionais, mas tamb\u00e9m lan\u00e7a luz sobre a colabora\u00e7\u00e3o e o apoio que existe entre eles, independentemente das afilia\u00e7\u00f5es de suas emissoras. Embora possam competir profissionalmente, a foto demonstra que fora das c\u00e2meras prevalece um esp\u00edrito de uni\u00e3o e solidariedade, ressaltando a import\u00e2ncia de construir relacionamentos positivos dentro da ind\u00fastria da comunica\u00e7\u00e3o.<\/p>\n<p>A rea\u00e7\u00e3o dos internautas \u00e0s redes sociais reflete o reconhecimento e a aprecia\u00e7\u00e3o desta uni\u00e3o. Coment\u00e1rios como &#8220;Entre os melhores de Moz&#8221; e &#8220;Estou a ver os melhores de Moz&#8221; destacam a qualidade e o profissionalismo dos jornalistas presentes na imagem. Este reconhecimento p\u00fablico n\u00e3o apenas enaltece os indiv\u00edduos retratados, mas tamb\u00e9m refor\u00e7a a imagem positiva da ind\u00fastria da comunica\u00e7\u00e3o como um todo.<\/p>\n<p>A import\u00e2ncia dessa uni\u00e3o vai al\u00e9m das rela\u00e7\u00f5es pessoais entre os profissionais. Ela contribui para um ambiente de trabalho mais colaborativo e saud\u00e1vel, onde o interc\u00e2mbio de ideias e experi\u00eancias \u00e9 valorizado. Al\u00e9m disso, fortalece a capacidade da m\u00eddia em desempenhar seu papel crucial na sociedade, fornecendo informa\u00e7\u00f5es precisas e relevantes para o p\u00fablico.<\/p>\n<p>Em um momento em que a m\u00eddia enfrenta desafios significativos, como a dissemina\u00e7\u00e3o de informa\u00e7\u00f5es falsas e a press\u00e3o por audi\u00eancia, a uni\u00e3o entre os homens da comunica\u00e7\u00e3o em Mo\u00e7ambique \u00e9 mais importante do que nunca. Ela representa um farol de esperan\u00e7a e integridade, lembrando a todos n\u00f3s da responsabilidade e do compromisso dos jornalistas em servir ao p\u00fablico e promover uma sociedade informada e democr\u00e1tica.<\/p>","protected":false},"excerpt":{"rendered":"<p>Uma imagem recentemente compartilhada pelo jornalista Clemente Carlos, da TV Sucesso, est\u00e1 gerando reflex\u00f5es sobre a uni\u00e3o existente entre os profissionais da comunica\u00e7\u00e3o em Mo\u00e7ambique, mesmo representando emissoras diferentes. Na foto, Clemente Carlos aparece abra\u00e7ado ao jornalista Chirindza, da STV, evidenciando que, por detr\u00e1s das c\u00e2meras, h\u00e1 uma rela\u00e7\u00e3o de camaradagem e respeito m\u00fatuo entre [&hellip;]<\/p>","protected":false},"author":3,"featured_media":61946,"comment_status":"open","ping_status":"open","sticky":false,"template":"","format":"standard","meta":{"footnotes":""},"categories":[30],"tags":[37],"class_list":["post-61945","post","type-post","status-publish","format-standard","has-post-thumbnail","hentry","category-entretenimento","tag-luis-macamo"],"jetpack_featured_media_url":"https:\/\/ihapari.com\/wp-content\/uploads\/2024\/03\/Screenshot_20240309-210545_Lite.jpg","_links":{"self":[{"href":"https:\/\/ihapari.com\/en\/wp-json\/wp\/v2\/posts\/61945","targetHints":{"allow":["GET"]}}],"collection":[{"href":"https:\/\/ihapari.com\/en\/wp-json\/wp\/v2\/posts"}],"about":[{"href":"https:\/\/ihapari.com\/en\/wp-json\/wp\/v2\/types\/post"}],"author":[{"embeddable":true,"href":"https:\/\/ihapari.com\/en\/wp-json\/wp\/v2\/users\/3"}],"replies":[{"embeddable":true,"href":"https:\/\/ihapari.com\/en\/wp-json\/wp\/v2\/comments?post=61945"}],"version-history":[{"count":1,"href":"https:\/\/ihapari.com\/en\/wp-json\/wp\/v2\/posts\/61945\/revisions"}],"predecessor-version":[{"id":61947,"href":"https:\/\/ihapari.com\/en\/wp-json\/wp\/v2\/posts\/61945\/revisions\/61947"}],"wp:featuredmedia":[{"embeddable":true,"href":"https:\/\/ihapari.com\/en\/wp-json\/wp\/v2\/media\/61946"}],"wp:attachment":[{"href":"https:\/\/ihapari.com\/en\/wp-json\/wp\/v2\/media?parent=61945"}],"wp:term":[{"taxonomy":"category","embeddable":true,"href":"https:\/\/ihapari.com\/en\/wp-json\/wp\/v2\/categories?post=61945"},{"taxonomy":"post_tag","embeddable":true,"href":"https:\/\/ihapari.com\/en\/wp-json\/wp\/v2\/tags?post=61945"}],"curies":[{"name":"wp","href":"https:\/\/api.w.org\/{rel}","templated":true}]}}